{"id":9970,"date":"2016-11-09T19:12:52","date_gmt":"2016-11-09T22:12:52","guid":{"rendered":"https:\/\/eldiariodesanpedro.com.ar\/sitio\/?p=9970"},"modified":"2016-11-09T19:12:52","modified_gmt":"2016-11-09T22:12:52","slug":"entregaron-un-subsidio-para-reparar-una-combi","status":"publish","type":"post","link":"https:\/\/eldiariodesanpedro.com.ar\/sitio\/entregaron-un-subsidio-para-reparar-una-combi\/","title":{"rendered":"Entregaron un subsidio para reparar una combi"},"content":{"rendered":"<p><!-- VideographyWP Plugin Message: Automatic video embedding prevented by plugin options. --><br \/>\nEl intendente lo confirm\u00f3 a los directivos. Padres de los alumnos reconocieron que de esta manera los j\u00f3venes podr\u00e1n cumplir con los viajes de estudios. El veh\u00edculo lleva m\u00e1s de dos a\u00f1os da\u00f1ado.<\/p>\n<p>Este martes por la ma\u00f1ana el intendente Cecilio Salazar se present\u00f3 en el predio de la Escuela Agropecuaria en R\u00edo Tala, donde se lleva adelante la obra de la nueva sala de agroindustria, lo que demandar\u00e1 una inversi\u00f3n de 14.000.000 de pesos.<\/p>\n<p>All\u00ed, el jefe comunal notific\u00f3 a las autoridades educativas y representantes de la Cooperadora que se encuentra disponible un subsidio de 40.000 pesos para reparar una combi que se encuentra da\u00f1ada desde hace dos a\u00f1os.<\/p>\n<p>\u201cEn el 2012 la combi sufri\u00f3 un accidente en un viaje de traslado de alumnos a La Plata, el seguro no se hizo cargo y tuvimos que pagar la parte mec\u00e1nica\u201d, cont\u00f3 el director de la Escuela Agropecuaria, Marcelo Paladini, al tiempo que destac\u00f3 que \u201cgracias a las gestiones de Cecilio Salazar ahora vamos a tener una combi a disposici\u00f3n\u201d, porque el Ejecutivo se har\u00e1 cargo de los gastos de mano de obra.<\/p>\n","protected":false},"excerpt":{"rendered":"<p>El intendente lo confirm\u00f3 a los directivos. Padres de los alumnos reconocieron que de esta manera los j\u00f3venes podr\u00e1n cumplir con los viajes de estudios. El veh\u00edculo lleva m\u00e1s de dos a\u00f1os da\u00f1ado. Este martes por la ma\u00f1ana el intendente Cecilio Salazar se present\u00f3 en el predio de la Escuela Agropecuaria en R\u00edo Tala, donde [&hellip;]<\/p>\n","protected":false},"author":4,"featured_media":9971,"comment_status":"open","ping_status":"closed","sticky":false,"template":"","format":"standard","meta":{"om_disable_all_campaigns":false,"_jetpack_memberships_contains_paid_content":false,"footnotes":""},"categories":[50,101,2],"tags":[],"class_list":["post-9970","post","type-post","status-publish","format-standard","has-post-thumbnail","hentry","category-destacadas","category-interes-general-locales","category-locales"],"aioseo_notices":[],"gutentor_comment":0,"jetpack_featured_media_url":"https:\/\/eldiariodesanpedro.com.ar\/sitio\/wp-content\/uploads\/2016\/11\/PAGINA-5-1.jpg","jetpack_shortlink":"https:\/\/wp.me\/p6RhLt-2AO","jetpack_sharing_enabled":true,"_links":{"self":[{"href":"https:\/\/eldiariodesanpedro.com.ar\/sitio\/wp-json\/wp\/v2\/posts\/9970","targetHints":{"allow":["GET"]}}],"collection":[{"href":"https:\/\/eldiariodesanpedro.com.ar\/sitio\/wp-json\/wp\/v2\/posts"}],"about":[{"href":"https:\/\/eldiariodesanpedro.com.ar\/sitio\/wp-json\/wp\/v2\/types\/post"}],"author":[{"embeddable":true,"href":"https:\/\/eldiariodesanpedro.com.ar\/sitio\/wp-json\/wp\/v2\/users\/4"}],"replies":[{"embeddable":true,"href":"https:\/\/eldiariodesanpedro.com.ar\/sitio\/wp-json\/wp\/v2\/comments?post=9970"}],"version-history":[{"count":1,"href":"https:\/\/eldiariodesanpedro.com.ar\/sitio\/wp-json\/wp\/v2\/posts\/9970\/revisions"}],"predecessor-version":[{"id":9972,"href":"https:\/\/eldiariodesanpedro.com.ar\/sitio\/wp-json\/wp\/v2\/posts\/9970\/revisions\/9972"}],"wp:featuredmedia":[{"embeddable":true,"href":"https:\/\/eldiariodesanpedro.com.ar\/sitio\/wp-json\/wp\/v2\/media\/9971"}],"wp:attachment":[{"href":"https:\/\/eldiariodesanpedro.com.ar\/sitio\/wp-json\/wp\/v2\/media?parent=9970"}],"wp:term":[{"taxonomy":"category","embeddable":true,"href":"https:\/\/eldiariodesanpedro.com.ar\/sitio\/wp-json\/wp\/v2\/categories?post=9970"},{"taxonomy":"post_tag","embeddable":true,"href":"https:\/\/eldiariodesanpedro.com.ar\/sitio\/wp-json\/wp\/v2\/tags?post=9970"}],"curies":[{"name":"wp","href":"https:\/\/api.w.org\/{rel}","templated":true}]}}