{"id":99684,"date":"2021-09-28T14:24:05","date_gmt":"2021-09-28T17:24:05","guid":{"rendered":"https:\/\/eldiariodesanpedro.com.ar\/sitio\/?p=99684"},"modified":"2021-09-28T14:36:27","modified_gmt":"2021-09-28T17:36:27","slug":"edicto-de-concurso-preventivo-de-marocchi-leonardo-ezequiel","status":"publish","type":"post","link":"https:\/\/eldiariodesanpedro.com.ar\/sitio\/edicto-de-concurso-preventivo-de-marocchi-leonardo-ezequiel\/","title":{"rendered":"Edicto de Concurso Preventivo de Marocchi Leonardo  Ezequiel"},"content":{"rendered":"<!-- VideographyWP Plugin Message: Automatic video embedding prevented by plugin options. -->\n\n<p>Se comunica por el plazo de 5 d\u00edas que en fecha 10\/09\/21 se ha ordenado la apertura del concurso preventivo de MAROCCHI LEONARDO EZEQUIEL, argentino, DNI N\u00b0 26.524.500, CUIT: 20-26524500-6, nacido el 14\/07\/1978, de profesi\u00f3n comerciante, casado en primeras nupcias con Carolina Parra, domiciliado en calle Bartolom\u00e9 Mitre n\u00b0 2490 de la ciudad de San Pedro, Pcia. de Buenos Aires. Se fija hasta el 19\/11\/2021, a fin de que los acreedores presenten la correspondiente verificaci\u00f3n de cr\u00e9ditos ante la S\u00edndico Ctdora. Bianchi Mar\u00eda Julia con domicilio en calle Dr. Leandro N Alem n\u00b0 37 de la Ciudad de San Nicol\u00e1s de los Arroyos, Pcia. de Bs. As. los d\u00edas lunes, mi\u00e9rcoles y viernes de 8.00hs a 16.00hs; y los d\u00edas martes y jueves de 8.00hs a 14.00hs.&nbsp;<\/p>\n\n\n\n<p>Se fijan fechas: Informes Individuales 02\/02\/22; Informe General 17\/03\/22. San Nicol\u00e1s,28\u00a0 de setiembre\u00a0 de 2021.-<\/p>\n\n\n\n<p><\/p>\n\n\n\n<p>DR. LEONARDO BLUHN\u00a0 <br>AUXILIAR LETRADO\u00a0<\/p>\n","protected":false},"excerpt":{"rendered":"<p>Se comunica por el plazo de 5 d\u00edas que en fecha 10\/09\/21 se ha ordenado la apertura del concurso preventivo de MAROCCHI LEONARDO EZEQUIEL, argentino, DNI N\u00b0 26.524.500, CUIT: 20-26524500-6, nacido el 14\/07\/1978, de profesi\u00f3n comerciante, casado en primeras nupcias con Carolina Parra, domiciliado en calle Bartolom\u00e9 Mitre n\u00b0 2490 de la ciudad de San [&hellip;]<\/p>\n","protected":false},"author":4,"featured_media":81115,"comment_status":"closed","ping_status":"closed","sticky":false,"template":"","format":"standard","meta":{"om_disable_all_campaigns":false,"_jetpack_memberships_contains_paid_content":false,"footnotes":""},"categories":[676,1124],"tags":[197,2418,1121,696,1355,33,19],"class_list":["post-99684","post","type-post","status-publish","format-standard","has-post-thumbnail","hentry","category-edictos","category-edictos-especiales","tag-buenos-aires","tag-concurso-preventivo","tag-edicto","tag-interes-general","tag-judiciales","tag-locales","tag-san-pedro"],"aioseo_notices":[],"gutentor_comment":0,"jetpack_featured_media_url":"https:\/\/eldiariodesanpedro.com.ar\/sitio\/wp-content\/uploads\/2020\/09\/Poder-Judicial.jpg","jetpack_shortlink":"https:\/\/wp.me\/p6RhLt-pVO","jetpack_sharing_enabled":true,"_links":{"self":[{"href":"https:\/\/eldiariodesanpedro.com.ar\/sitio\/wp-json\/wp\/v2\/posts\/99684","targetHints":{"allow":["GET"]}}],"collection":[{"href":"https:\/\/eldiariodesanpedro.com.ar\/sitio\/wp-json\/wp\/v2\/posts"}],"about":[{"href":"https:\/\/eldiariodesanpedro.com.ar\/sitio\/wp-json\/wp\/v2\/types\/post"}],"author":[{"embeddable":true,"href":"https:\/\/eldiariodesanpedro.com.ar\/sitio\/wp-json\/wp\/v2\/users\/4"}],"replies":[{"embeddable":true,"href":"https:\/\/eldiariodesanpedro.com.ar\/sitio\/wp-json\/wp\/v2\/comments?post=99684"}],"version-history":[{"count":2,"href":"https:\/\/eldiariodesanpedro.com.ar\/sitio\/wp-json\/wp\/v2\/posts\/99684\/revisions"}],"predecessor-version":[{"id":99686,"href":"https:\/\/eldiariodesanpedro.com.ar\/sitio\/wp-json\/wp\/v2\/posts\/99684\/revisions\/99686"}],"wp:featuredmedia":[{"embeddable":true,"href":"https:\/\/eldiariodesanpedro.com.ar\/sitio\/wp-json\/wp\/v2\/media\/81115"}],"wp:attachment":[{"href":"https:\/\/eldiariodesanpedro.com.ar\/sitio\/wp-json\/wp\/v2\/media?parent=99684"}],"wp:term":[{"taxonomy":"category","embeddable":true,"href":"https:\/\/eldiariodesanpedro.com.ar\/sitio\/wp-json\/wp\/v2\/categories?post=99684"},{"taxonomy":"post_tag","embeddable":true,"href":"https:\/\/eldiariodesanpedro.com.ar\/sitio\/wp-json\/wp\/v2\/tags?post=99684"}],"curies":[{"name":"wp","href":"https:\/\/api.w.org\/{rel}","templated":true}]}}