{"id":99677,"date":"2021-09-28T13:45:03","date_gmt":"2021-09-28T16:45:03","guid":{"rendered":"https:\/\/eldiariodesanpedro.com.ar\/sitio\/?p=99677"},"modified":"2021-09-28T13:45:06","modified_gmt":"2021-09-28T16:45:06","slug":"gabinete-itinerante-en-vuelta-de-obligado","status":"publish","type":"post","link":"https:\/\/eldiariodesanpedro.com.ar\/sitio\/gabinete-itinerante-en-vuelta-de-obligado\/","title":{"rendered":"Gabinete Itinerante en Vuelta de Obligado"},"content":{"rendered":"<!-- VideographyWP Plugin Message: Automatic video embedding prevented by plugin options. -->\n\n<p>Este lunes la Secretar\u00eda de Desarrollo Econ\u00f3mico en conjunto con la Oficina de Empleo puso en marcha nuevamente el \u201cGabinete Itinerante\u201d, a trav\u00e9s del cual se fomentar\u00e1 el desarrollo y crecimiento de los emprendimientos en todas localidades del partido de San Pedro, con el objetivo de fortalecer la recuperaci\u00f3n econ\u00f3mica pos pandemia y llegar a todos los ciudadanos.<\/p>\n\n\n\n<p>En esta ocasi\u00f3n, la Secretar\u00eda se traslad\u00f3 a la localidad de Vuelta de Obligado donde se brind\u00f3 informaci\u00f3n sobre capacitaciones y l\u00edneas de ayuda econ\u00f3mica por parte del Estado Nacional y Provincial para los distintos sectores productivos, estando a disposici\u00f3n los responsables de todas las \u00e1reas.<\/p>\n\n\n\n<p>Por su parte, la Oficina de empleo capacit\u00f3 y colabor\u00f3 en el armado de Curr\u00edculum para aquellas personas que no poseen uno propio, con el objeto de cargarlos en el sistema de b\u00fasqueda laboral. Adem\u00e1s se brind\u00f3 asesoramiento sobre el programa \u201cEmpleo Joven\u00bb.<\/p>\n","protected":false},"excerpt":{"rendered":"<p>Este lunes la Secretar\u00eda de Desarrollo Econ\u00f3mico en conjunto con la Oficina de Empleo puso en marcha nuevamente el \u201cGabinete Itinerante\u201d, a trav\u00e9s del cual se fomentar\u00e1 el desarrollo y crecimiento de los emprendimientos en todas localidades del partido de San Pedro, con el objetivo de fortalecer la recuperaci\u00f3n econ\u00f3mica pos pandemia y llegar a [&hellip;]<\/p>\n","protected":false},"author":4,"featured_media":99678,"comment_status":"closed","ping_status":"closed","sticky":false,"template":"","format":"standard","meta":{"om_disable_all_campaigns":false,"_jetpack_memberships_contains_paid_content":false,"footnotes":""},"categories":[50,101,2],"tags":[197,2417,696,33,19,674],"class_list":["post-99677","post","type-post","status-publish","format-standard","has-post-thumbnail","hentry","category-destacadas","category-interes-general-locales","category-locales","tag-buenos-aires","tag-gabinete-itinerante","tag-interes-general","tag-locales","tag-san-pedro","tag-vuelta-de-obligado"],"aioseo_notices":[],"gutentor_comment":0,"jetpack_featured_media_url":"https:\/\/eldiariodesanpedro.com.ar\/sitio\/wp-content\/uploads\/2021\/09\/WhatsApp-Image-2021-09-28-at-12.32.53.jpeg","jetpack_shortlink":"https:\/\/wp.me\/p6RhLt-pVH","jetpack_sharing_enabled":true,"_links":{"self":[{"href":"https:\/\/eldiariodesanpedro.com.ar\/sitio\/wp-json\/wp\/v2\/posts\/99677","targetHints":{"allow":["GET"]}}],"collection":[{"href":"https:\/\/eldiariodesanpedro.com.ar\/sitio\/wp-json\/wp\/v2\/posts"}],"about":[{"href":"https:\/\/eldiariodesanpedro.com.ar\/sitio\/wp-json\/wp\/v2\/types\/post"}],"author":[{"embeddable":true,"href":"https:\/\/eldiariodesanpedro.com.ar\/sitio\/wp-json\/wp\/v2\/users\/4"}],"replies":[{"embeddable":true,"href":"https:\/\/eldiariodesanpedro.com.ar\/sitio\/wp-json\/wp\/v2\/comments?post=99677"}],"version-history":[{"count":1,"href":"https:\/\/eldiariodesanpedro.com.ar\/sitio\/wp-json\/wp\/v2\/posts\/99677\/revisions"}],"predecessor-version":[{"id":99679,"href":"https:\/\/eldiariodesanpedro.com.ar\/sitio\/wp-json\/wp\/v2\/posts\/99677\/revisions\/99679"}],"wp:featuredmedia":[{"embeddable":true,"href":"https:\/\/eldiariodesanpedro.com.ar\/sitio\/wp-json\/wp\/v2\/media\/99678"}],"wp:attachment":[{"href":"https:\/\/eldiariodesanpedro.com.ar\/sitio\/wp-json\/wp\/v2\/media?parent=99677"}],"wp:term":[{"taxonomy":"category","embeddable":true,"href":"https:\/\/eldiariodesanpedro.com.ar\/sitio\/wp-json\/wp\/v2\/categories?post=99677"},{"taxonomy":"post_tag","embeddable":true,"href":"https:\/\/eldiariodesanpedro.com.ar\/sitio\/wp-json\/wp\/v2\/tags?post=99677"}],"curies":[{"name":"wp","href":"https:\/\/api.w.org\/{rel}","templated":true}]}}