{"id":99674,"date":"2021-09-28T13:38:45","date_gmt":"2021-09-28T16:38:45","guid":{"rendered":"https:\/\/eldiariodesanpedro.com.ar\/sitio\/?p=99674"},"modified":"2021-09-28T13:38:50","modified_gmt":"2021-09-28T16:38:50","slug":"reunion-del-intendente-cecilio-salazar-con-ariel-schale-secretario-de-industria-de-la-nacion-por-el-parque-industrial","status":"publish","type":"post","link":"https:\/\/eldiariodesanpedro.com.ar\/sitio\/reunion-del-intendente-cecilio-salazar-con-ariel-schale-secretario-de-industria-de-la-nacion-por-el-parque-industrial\/","title":{"rendered":"Reuni\u00f3n del intendente Cecilio Salazar, con Ariel Schale Secretario de Industria de la Naci\u00f3n por el parque industrial"},"content":{"rendered":"<!-- VideographyWP Plugin Message: Automatic video embedding prevented by plugin options. -->\n\n<p>Esta ma\u00f1ana, el Intendente Cecilio Salazar encabez\u00f3 una reuni\u00f3n virtual que llevaron a cabo el Secretario de Desarrollo Econ\u00f3mico Alfredo Carrasco junto al Secretario de Industria, Econom\u00eda del Conocimiento y Gesti\u00f3n Comercial Externa Ariel Schale en d\u00f3nde se estableci\u00f3 una agenda de trabajo en conjunto para la aprobaci\u00f3n y el financiamiento del Parque Agrot\u00e9cnico a realizarse en el predio que la municipalidad administrar\u00e1 en forma conjunta con la Universidad de Buenos Aires (UBA). En el mismo se asentar\u00e1n empresas del sector Agroindustrial, que aporten innovaci\u00f3n y tecnolog\u00eda aplicada a la industria.<\/p>\n","protected":false},"excerpt":{"rendered":"<p>Esta ma\u00f1ana, el Intendente Cecilio Salazar encabez\u00f3 una reuni\u00f3n virtual que llevaron a cabo el Secretario de Desarrollo Econ\u00f3mico Alfredo Carrasco junto al Secretario de Industria, Econom\u00eda del Conocimiento y Gesti\u00f3n Comercial Externa Ariel Schale en d\u00f3nde se estableci\u00f3 una agenda de trabajo en conjunto para la aprobaci\u00f3n y el financiamiento del Parque Agrot\u00e9cnico a [&hellip;]<\/p>\n","protected":false},"author":4,"featured_media":99675,"comment_status":"closed","ping_status":"closed","sticky":false,"template":"","format":"standard","meta":{"om_disable_all_campaigns":false,"_jetpack_memberships_contains_paid_content":false,"footnotes":""},"categories":[50,101,2],"tags":[197,696,33,19],"class_list":["post-99674","post","type-post","status-publish","format-standard","has-post-thumbnail","hentry","category-destacadas","category-interes-general-locales","category-locales","tag-buenos-aires","tag-interes-general","tag-locales","tag-san-pedro"],"aioseo_notices":[],"gutentor_comment":0,"jetpack_featured_media_url":"https:\/\/eldiariodesanpedro.com.ar\/sitio\/wp-content\/uploads\/2021\/09\/WhatsApp-Image-2021-09-28-at-12.04.27.jpeg","jetpack_shortlink":"https:\/\/wp.me\/p6RhLt-pVE","jetpack_sharing_enabled":true,"_links":{"self":[{"href":"https:\/\/eldiariodesanpedro.com.ar\/sitio\/wp-json\/wp\/v2\/posts\/99674","targetHints":{"allow":["GET"]}}],"collection":[{"href":"https:\/\/eldiariodesanpedro.com.ar\/sitio\/wp-json\/wp\/v2\/posts"}],"about":[{"href":"https:\/\/eldiariodesanpedro.com.ar\/sitio\/wp-json\/wp\/v2\/types\/post"}],"author":[{"embeddable":true,"href":"https:\/\/eldiariodesanpedro.com.ar\/sitio\/wp-json\/wp\/v2\/users\/4"}],"replies":[{"embeddable":true,"href":"https:\/\/eldiariodesanpedro.com.ar\/sitio\/wp-json\/wp\/v2\/comments?post=99674"}],"version-history":[{"count":1,"href":"https:\/\/eldiariodesanpedro.com.ar\/sitio\/wp-json\/wp\/v2\/posts\/99674\/revisions"}],"predecessor-version":[{"id":99676,"href":"https:\/\/eldiariodesanpedro.com.ar\/sitio\/wp-json\/wp\/v2\/posts\/99674\/revisions\/99676"}],"wp:featuredmedia":[{"embeddable":true,"href":"https:\/\/eldiariodesanpedro.com.ar\/sitio\/wp-json\/wp\/v2\/media\/99675"}],"wp:attachment":[{"href":"https:\/\/eldiariodesanpedro.com.ar\/sitio\/wp-json\/wp\/v2\/media?parent=99674"}],"wp:term":[{"taxonomy":"category","embeddable":true,"href":"https:\/\/eldiariodesanpedro.com.ar\/sitio\/wp-json\/wp\/v2\/categories?post=99674"},{"taxonomy":"post_tag","embeddable":true,"href":"https:\/\/eldiariodesanpedro.com.ar\/sitio\/wp-json\/wp\/v2\/tags?post=99674"}],"curies":[{"name":"wp","href":"https:\/\/api.w.org\/{rel}","templated":true}]}}