{"id":99670,"date":"2021-09-28T10:48:46","date_gmt":"2021-09-28T13:48:46","guid":{"rendered":"https:\/\/eldiariodesanpedro.com.ar\/sitio\/?p=99670"},"modified":"2021-09-28T10:48:52","modified_gmt":"2021-09-28T13:48:52","slug":"el-personal-de-inspeccion-en-conjunto-con-la-policia-secuestran-cinco-motocicletas","status":"publish","type":"post","link":"https:\/\/eldiariodesanpedro.com.ar\/sitio\/el-personal-de-inspeccion-en-conjunto-con-la-policia-secuestran-cinco-motocicletas\/","title":{"rendered":"El personal de inspecci\u00f3n en conjunto con la polic\u00eda secuestran cinco motocicletas"},"content":{"rendered":"<!-- VideographyWP Plugin Message: Automatic video embedding prevented by plugin options. -->\n\n<p>Personal policial 21:00 horas, junto a personal de inspecci\u00f3n y tr\u00e1nsito municipal realiza en calle Mitre y Las Heras San Pedro, en operativo interceptaci\u00f3n vehicular procede a secuestrar cinco motocicletas y a infraccionar a sus conductores por falta de documentaci\u00f3n correspondiente para circular. Interviene Juzgado Faltas local<\/p>\n","protected":false},"excerpt":{"rendered":"<p>Personal policial 21:00 horas, junto a personal de inspecci\u00f3n y tr\u00e1nsito municipal realiza en calle Mitre y Las Heras San Pedro, en operativo interceptaci\u00f3n vehicular procede a secuestrar cinco motocicletas y a infraccionar a sus conductores por falta de documentaci\u00f3n correspondiente para circular. Interviene Juzgado Faltas local<\/p>\n","protected":false},"author":4,"featured_media":97953,"comment_status":"closed","ping_status":"closed","sticky":false,"template":"","format":"standard","meta":{"om_disable_all_campaigns":false,"_jetpack_memberships_contains_paid_content":false,"footnotes":""},"categories":[2,103],"tags":[197,696,33,19],"class_list":["post-99670","post","type-post","status-publish","format-standard","has-post-thumbnail","hentry","category-locales","category-policiales-locales","tag-buenos-aires","tag-interes-general","tag-locales","tag-san-pedro"],"aioseo_notices":[],"gutentor_comment":0,"jetpack_featured_media_url":"https:\/\/eldiariodesanpedro.com.ar\/sitio\/wp-content\/uploads\/2021\/08\/WhatsApp-Image-2021-08-26-at-08.39.27.jpeg","jetpack_shortlink":"https:\/\/wp.me\/p6RhLt-pVA","jetpack_sharing_enabled":true,"_links":{"self":[{"href":"https:\/\/eldiariodesanpedro.com.ar\/sitio\/wp-json\/wp\/v2\/posts\/99670","targetHints":{"allow":["GET"]}}],"collection":[{"href":"https:\/\/eldiariodesanpedro.com.ar\/sitio\/wp-json\/wp\/v2\/posts"}],"about":[{"href":"https:\/\/eldiariodesanpedro.com.ar\/sitio\/wp-json\/wp\/v2\/types\/post"}],"author":[{"embeddable":true,"href":"https:\/\/eldiariodesanpedro.com.ar\/sitio\/wp-json\/wp\/v2\/users\/4"}],"replies":[{"embeddable":true,"href":"https:\/\/eldiariodesanpedro.com.ar\/sitio\/wp-json\/wp\/v2\/comments?post=99670"}],"version-history":[{"count":1,"href":"https:\/\/eldiariodesanpedro.com.ar\/sitio\/wp-json\/wp\/v2\/posts\/99670\/revisions"}],"predecessor-version":[{"id":99671,"href":"https:\/\/eldiariodesanpedro.com.ar\/sitio\/wp-json\/wp\/v2\/posts\/99670\/revisions\/99671"}],"wp:featuredmedia":[{"embeddable":true,"href":"https:\/\/eldiariodesanpedro.com.ar\/sitio\/wp-json\/wp\/v2\/media\/97953"}],"wp:attachment":[{"href":"https:\/\/eldiariodesanpedro.com.ar\/sitio\/wp-json\/wp\/v2\/media?parent=99670"}],"wp:term":[{"taxonomy":"category","embeddable":true,"href":"https:\/\/eldiariodesanpedro.com.ar\/sitio\/wp-json\/wp\/v2\/categories?post=99670"},{"taxonomy":"post_tag","embeddable":true,"href":"https:\/\/eldiariodesanpedro.com.ar\/sitio\/wp-json\/wp\/v2\/tags?post=99670"}],"curies":[{"name":"wp","href":"https:\/\/api.w.org\/{rel}","templated":true}]}}