{"id":9967,"date":"2016-11-09T19:06:21","date_gmt":"2016-11-09T22:06:21","guid":{"rendered":"https:\/\/eldiariodesanpedro.com.ar\/sitio\/?p=9967"},"modified":"2016-11-09T19:06:21","modified_gmt":"2016-11-09T22:06:21","slug":"mas-de-29-800-familias-ya-se-inscribieron-en-procrear-solucion-casa-propia","status":"publish","type":"post","link":"https:\/\/eldiariodesanpedro.com.ar\/sitio\/mas-de-29-800-familias-ya-se-inscribieron-en-procrear-solucion-casa-propia\/","title":{"rendered":"M\u00e1s de 29.800 familias ya se inscribieron en Procrear Soluci\u00f3n Casa Propia"},"content":{"rendered":"<p><!-- VideographyWP Plugin Message: Automatic video embedding prevented by plugin options. --><br \/>\nLos interesados tendr\u00e1n tiempo para anotarse hasta el 30 de noviembre. Antes, deben chequear que sus datos est\u00e9n registrados correctamente en la base de la ANSES. Esta es la segunda etapa, luego de la primera selecci\u00f3n de 25.000 familias. <\/p>\n<p>Desde el comienzo de la segunda etapa, el pasado 21 de octubre, 29.812 personas ya se anotaron en Procrear Soluci\u00f3n Casa Propia para obtener un subsidio del Estado Nacional junto al cr\u00e9dito hipotecario para comprar una vivienda. De ese total, 17.130 se encuentran en el grupo que tiene ingresos entre $15.120 y $22.680 y las 12.682 restantes tienen ingresos mensuales de entre $22.680 y $30.240. <\/p>\n<p>Cabe recordar que la inscripci\u00f3n estar\u00e1 abierta hasta el mi\u00e9rcoles 30 de noviembre desde www.procrear.anses.gob.ar, opci\u00f3n Soluci\u00f3n Casa Propia. Antes, los interesados deber\u00e1n revisar que sus datos est\u00e9n registrados correctamente en la base de la ANSES, desde www.anses.gob.ar, secci\u00f3n Mi ANSES, con su Clave de la Seguridad Social. En el caso de las relaciones familiares, el titular tendr\u00e1 que acreditarlas personalmente en cualquier oficina del organismo sin turno.<\/p>\n","protected":false},"excerpt":{"rendered":"<p>Los interesados tendr\u00e1n tiempo para anotarse hasta el 30 de noviembre. Antes, deben chequear que sus datos est\u00e9n registrados correctamente en la base de la ANSES. Esta es la segunda etapa, luego de la primera selecci\u00f3n de 25.000 familias. Desde el comienzo de la segunda etapa, el pasado 21 de octubre, 29.812 personas ya se [&hellip;]<\/p>\n","protected":false},"author":4,"featured_media":9968,"comment_status":"open","ping_status":"closed","sticky":false,"template":"","format":"standard","meta":{"om_disable_all_campaigns":false,"_jetpack_memberships_contains_paid_content":false,"footnotes":""},"categories":[101,2],"tags":[],"class_list":["post-9967","post","type-post","status-publish","format-standard","has-post-thumbnail","hentry","category-interes-general-locales","category-locales"],"aioseo_notices":[],"gutentor_comment":0,"jetpack_featured_media_url":"https:\/\/eldiariodesanpedro.com.ar\/sitio\/wp-content\/uploads\/2016\/11\/procrear-casa-1.jpg","jetpack_shortlink":"https:\/\/wp.me\/p6RhLt-2AL","jetpack_sharing_enabled":true,"_links":{"self":[{"href":"https:\/\/eldiariodesanpedro.com.ar\/sitio\/wp-json\/wp\/v2\/posts\/9967","targetHints":{"allow":["GET"]}}],"collection":[{"href":"https:\/\/eldiariodesanpedro.com.ar\/sitio\/wp-json\/wp\/v2\/posts"}],"about":[{"href":"https:\/\/eldiariodesanpedro.com.ar\/sitio\/wp-json\/wp\/v2\/types\/post"}],"author":[{"embeddable":true,"href":"https:\/\/eldiariodesanpedro.com.ar\/sitio\/wp-json\/wp\/v2\/users\/4"}],"replies":[{"embeddable":true,"href":"https:\/\/eldiariodesanpedro.com.ar\/sitio\/wp-json\/wp\/v2\/comments?post=9967"}],"version-history":[{"count":1,"href":"https:\/\/eldiariodesanpedro.com.ar\/sitio\/wp-json\/wp\/v2\/posts\/9967\/revisions"}],"predecessor-version":[{"id":9969,"href":"https:\/\/eldiariodesanpedro.com.ar\/sitio\/wp-json\/wp\/v2\/posts\/9967\/revisions\/9969"}],"wp:featuredmedia":[{"embeddable":true,"href":"https:\/\/eldiariodesanpedro.com.ar\/sitio\/wp-json\/wp\/v2\/media\/9968"}],"wp:attachment":[{"href":"https:\/\/eldiariodesanpedro.com.ar\/sitio\/wp-json\/wp\/v2\/media?parent=9967"}],"wp:term":[{"taxonomy":"category","embeddable":true,"href":"https:\/\/eldiariodesanpedro.com.ar\/sitio\/wp-json\/wp\/v2\/categories?post=9967"},{"taxonomy":"post_tag","embeddable":true,"href":"https:\/\/eldiariodesanpedro.com.ar\/sitio\/wp-json\/wp\/v2\/tags?post=9967"}],"curies":[{"name":"wp","href":"https:\/\/api.w.org\/{rel}","templated":true}]}}