{"id":99667,"date":"2021-09-28T10:38:28","date_gmt":"2021-09-28T13:38:28","guid":{"rendered":"https:\/\/eldiariodesanpedro.com.ar\/sitio\/?p=99667"},"modified":"2021-09-28T10:38:32","modified_gmt":"2021-09-28T13:38:32","slug":"robaron-esculturas-del-sueno-del-tano-2","status":"publish","type":"post","link":"https:\/\/eldiariodesanpedro.com.ar\/sitio\/robaron-esculturas-del-sueno-del-tano-2\/","title":{"rendered":"Robaron esculturas del \u201cSue\u00f1o del Tano\u201d"},"content":{"rendered":"<!-- VideographyWP Plugin Message: Automatic video embedding prevented by plugin options. -->\n\n<p>Este lunes siendo las 15:10 horas, denunciar masculino de 70 a\u00f1os de edad, quien ser\u00eda el director del museo \u201cSue\u00f1o del Tano\u201d, quien constata el pasado s\u00e1bado 25 del corriente mes y a\u00f1o, que autores ignorados tras cortar alambrado perimetral le sustraen elementos de exhibici\u00f3n herramientas como por ejemplo un motor estacionario con dos volantes, sierra, agujereadora de pie, un arado de mancera, un malacate, una caja fuerte antiguan entre otras cosas.<\/p>\n\n\n\n<p>Interviene la Fiscal\u00eda N\u00ba 05<\/p>\n","protected":false},"excerpt":{"rendered":"<p>Este lunes siendo las 15:10 horas, denunciar masculino de 70 a\u00f1os de edad, quien ser\u00eda el director del museo \u201cSue\u00f1o del Tano\u201d, quien constata el pasado s\u00e1bado 25 del corriente mes y a\u00f1o, que autores ignorados tras cortar alambrado perimetral le sustraen elementos de exhibici\u00f3n herramientas como por ejemplo un motor estacionario con dos volantes, [&hellip;]<\/p>\n","protected":false},"author":4,"featured_media":99668,"comment_status":"closed","ping_status":"closed","sticky":false,"template":"","format":"standard","meta":{"om_disable_all_campaigns":false,"_jetpack_memberships_contains_paid_content":false,"footnotes":""},"categories":[2,103],"tags":[197,33,95,19],"class_list":["post-99667","post","type-post","status-publish","format-standard","has-post-thumbnail","hentry","category-locales","category-policiales-locales","tag-buenos-aires","tag-locales","tag-policiales","tag-san-pedro"],"aioseo_notices":[],"gutentor_comment":0,"jetpack_featured_media_url":"https:\/\/eldiariodesanpedro.com.ar\/sitio\/wp-content\/uploads\/2021\/09\/65041371_2823405817732424_4253662187492474880_n.jpg","jetpack_shortlink":"https:\/\/wp.me\/p6RhLt-pVx","jetpack_sharing_enabled":true,"_links":{"self":[{"href":"https:\/\/eldiariodesanpedro.com.ar\/sitio\/wp-json\/wp\/v2\/posts\/99667","targetHints":{"allow":["GET"]}}],"collection":[{"href":"https:\/\/eldiariodesanpedro.com.ar\/sitio\/wp-json\/wp\/v2\/posts"}],"about":[{"href":"https:\/\/eldiariodesanpedro.com.ar\/sitio\/wp-json\/wp\/v2\/types\/post"}],"author":[{"embeddable":true,"href":"https:\/\/eldiariodesanpedro.com.ar\/sitio\/wp-json\/wp\/v2\/users\/4"}],"replies":[{"embeddable":true,"href":"https:\/\/eldiariodesanpedro.com.ar\/sitio\/wp-json\/wp\/v2\/comments?post=99667"}],"version-history":[{"count":1,"href":"https:\/\/eldiariodesanpedro.com.ar\/sitio\/wp-json\/wp\/v2\/posts\/99667\/revisions"}],"predecessor-version":[{"id":99669,"href":"https:\/\/eldiariodesanpedro.com.ar\/sitio\/wp-json\/wp\/v2\/posts\/99667\/revisions\/99669"}],"wp:featuredmedia":[{"embeddable":true,"href":"https:\/\/eldiariodesanpedro.com.ar\/sitio\/wp-json\/wp\/v2\/media\/99668"}],"wp:attachment":[{"href":"https:\/\/eldiariodesanpedro.com.ar\/sitio\/wp-json\/wp\/v2\/media?parent=99667"}],"wp:term":[{"taxonomy":"category","embeddable":true,"href":"https:\/\/eldiariodesanpedro.com.ar\/sitio\/wp-json\/wp\/v2\/categories?post=99667"},{"taxonomy":"post_tag","embeddable":true,"href":"https:\/\/eldiariodesanpedro.com.ar\/sitio\/wp-json\/wp\/v2\/tags?post=99667"}],"curies":[{"name":"wp","href":"https:\/\/api.w.org\/{rel}","templated":true}]}}