{"id":99663,"date":"2021-09-28T10:24:08","date_gmt":"2021-09-28T13:24:08","guid":{"rendered":"https:\/\/eldiariodesanpedro.com.ar\/sitio\/?p=99663"},"modified":"2021-09-28T10:24:13","modified_gmt":"2021-09-28T13:24:13","slug":"iba-en-bicicleta-y-un-sujeto-se-le-acerca-y-le-propina-un-golpe-en-el-rostro","status":"publish","type":"post","link":"https:\/\/eldiariodesanpedro.com.ar\/sitio\/iba-en-bicicleta-y-un-sujeto-se-le-acerca-y-le-propina-un-golpe-en-el-rostro\/","title":{"rendered":"Iba en bicicleta y un sujeto se le acerca y le propina un golpe en el rostro"},"content":{"rendered":"<!-- VideographyWP Plugin Message: Automatic video embedding prevented by plugin options. -->\n\n<p>Este lunes siendo las 13:30 horas denunci\u00f3 un ciudadano de 21 a\u00f1os de edad, que el d\u00eda s\u00e1bado pasado, circulaba en su bicicleta cuando es interceptado por un sujeto que reconoce quien, le propina un golpe de pu\u00f1o en el rostro.&nbsp;<\/p>\n\n\n\n<p>Refieren problema vieja data, la v\u00edctima de lesiones leves. Interviene la Fiscal\u00eda N\u00ba 05.<\/p>\n","protected":false},"excerpt":{"rendered":"<p>Este lunes siendo las 13:30 horas denunci\u00f3 un ciudadano de 21 a\u00f1os de edad, que el d\u00eda s\u00e1bado pasado, circulaba en su bicicleta cuando es interceptado por un sujeto que reconoce quien, le propina un golpe de pu\u00f1o en el rostro.&nbsp; Refieren problema vieja data, la v\u00edctima de lesiones leves. Interviene la Fiscal\u00eda N\u00ba 05.<\/p>\n","protected":false},"author":4,"featured_media":45394,"comment_status":"closed","ping_status":"closed","sticky":false,"template":"","format":"standard","meta":{"om_disable_all_campaigns":false,"_jetpack_memberships_contains_paid_content":false,"footnotes":""},"categories":[2,103],"tags":[197,696,33,19],"class_list":["post-99663","post","type-post","status-publish","format-standard","has-post-thumbnail","hentry","category-locales","category-policiales-locales","tag-buenos-aires","tag-interes-general","tag-locales","tag-san-pedro"],"aioseo_notices":[],"gutentor_comment":0,"jetpack_featured_media_url":"https:\/\/eldiariodesanpedro.com.ar\/sitio\/wp-content\/uploads\/2019\/01\/comisaria.jpg","jetpack_shortlink":"https:\/\/wp.me\/p6RhLt-pVt","jetpack_sharing_enabled":true,"_links":{"self":[{"href":"https:\/\/eldiariodesanpedro.com.ar\/sitio\/wp-json\/wp\/v2\/posts\/99663","targetHints":{"allow":["GET"]}}],"collection":[{"href":"https:\/\/eldiariodesanpedro.com.ar\/sitio\/wp-json\/wp\/v2\/posts"}],"about":[{"href":"https:\/\/eldiariodesanpedro.com.ar\/sitio\/wp-json\/wp\/v2\/types\/post"}],"author":[{"embeddable":true,"href":"https:\/\/eldiariodesanpedro.com.ar\/sitio\/wp-json\/wp\/v2\/users\/4"}],"replies":[{"embeddable":true,"href":"https:\/\/eldiariodesanpedro.com.ar\/sitio\/wp-json\/wp\/v2\/comments?post=99663"}],"version-history":[{"count":1,"href":"https:\/\/eldiariodesanpedro.com.ar\/sitio\/wp-json\/wp\/v2\/posts\/99663\/revisions"}],"predecessor-version":[{"id":99664,"href":"https:\/\/eldiariodesanpedro.com.ar\/sitio\/wp-json\/wp\/v2\/posts\/99663\/revisions\/99664"}],"wp:featuredmedia":[{"embeddable":true,"href":"https:\/\/eldiariodesanpedro.com.ar\/sitio\/wp-json\/wp\/v2\/media\/45394"}],"wp:attachment":[{"href":"https:\/\/eldiariodesanpedro.com.ar\/sitio\/wp-json\/wp\/v2\/media?parent=99663"}],"wp:term":[{"taxonomy":"category","embeddable":true,"href":"https:\/\/eldiariodesanpedro.com.ar\/sitio\/wp-json\/wp\/v2\/categories?post=99663"},{"taxonomy":"post_tag","embeddable":true,"href":"https:\/\/eldiariodesanpedro.com.ar\/sitio\/wp-json\/wp\/v2\/tags?post=99663"}],"curies":[{"name":"wp","href":"https:\/\/api.w.org\/{rel}","templated":true}]}}