{"id":99660,"date":"2021-09-28T10:15:22","date_gmt":"2021-09-28T13:15:22","guid":{"rendered":"https:\/\/eldiariodesanpedro.com.ar\/sitio\/?p=99660"},"modified":"2021-09-28T10:15:28","modified_gmt":"2021-09-28T13:15:28","slug":"subsecretaria-de-politicas-de-genero-mujeres-y-diversidad-charlas-sobre-grupos-de-ayuda-para-casos-de-violencia-de-genero","status":"publish","type":"post","link":"https:\/\/eldiariodesanpedro.com.ar\/sitio\/subsecretaria-de-politicas-de-genero-mujeres-y-diversidad-charlas-sobre-grupos-de-ayuda-para-casos-de-violencia-de-genero\/","title":{"rendered":"Subsecretar\u00eda de Pol\u00edticas de Genero Mujeres y Diversidad Charlas sobre grupos de ayuda para casos de violencia de g\u00e9nero"},"content":{"rendered":"<!-- VideographyWP Plugin Message: Automatic video embedding prevented by plugin options. -->\n\n<p>La Subsecretar\u00eda de Pol\u00edticas de G\u00e9nero, Mujeres y Diversidad organiza encuentros en las localidades sobre la implementaci\u00f3n de nuevos abordajes para las violencias por razones de g\u00e9nero.<\/p>\n\n\n\n<p>Se compartir\u00e1n detalles sobre los dispositivos: Grupos para varones que ejercen violencia por razones de g\u00e9nero, y grupos de ayuda mutua para mujeres y diversidades sexuales v\u00edctimas de violencia por razones de g\u00e9nero.<\/p>\n\n\n\n<p>Las pr\u00f3ximas charlas organizadas son:<\/p>\n\n\n\n<p>30\/9 15:30 hs. &#8211; Centro de Salud de Vuelta de Obligado<br>1\/10 10:30 hs. &#8211; Biblioteca de R\u00edo Tala<br>4\/10 11:00 hs. &#8211; Biblioteca de Santa Luc\u00eda<br>4\/10 13:00 hs. &#8211; Sportivo de Doyle<br>5\/10 10:30 hs. &#8211; Sede Envi\u00f3n de Gobernador Castro<\/p>\n","protected":false},"excerpt":{"rendered":"<p>La Subsecretar\u00eda de Pol\u00edticas de G\u00e9nero, Mujeres y Diversidad organiza encuentros en las localidades sobre la implementaci\u00f3n de nuevos abordajes para las violencias por razones de g\u00e9nero. Se compartir\u00e1n detalles sobre los dispositivos: Grupos para varones que ejercen violencia por razones de g\u00e9nero, y grupos de ayuda mutua para mujeres y diversidades sexuales v\u00edctimas de [&hellip;]<\/p>\n","protected":false},"author":4,"featured_media":99661,"comment_status":"closed","ping_status":"closed","sticky":false,"template":"","format":"standard","meta":{"om_disable_all_campaigns":false,"_jetpack_memberships_contains_paid_content":false,"footnotes":""},"categories":[101,2],"tags":[197,696,33,19],"class_list":["post-99660","post","type-post","status-publish","format-standard","has-post-thumbnail","hentry","category-interes-general-locales","category-locales","tag-buenos-aires","tag-interes-general","tag-locales","tag-san-pedro"],"aioseo_notices":[],"gutentor_comment":0,"jetpack_featured_media_url":"https:\/\/eldiariodesanpedro.com.ar\/sitio\/wp-content\/uploads\/2021\/09\/WhatsApp-Image-2021-09-28-at-09.13.26.jpeg","jetpack_shortlink":"https:\/\/wp.me\/p6RhLt-pVq","jetpack_sharing_enabled":true,"_links":{"self":[{"href":"https:\/\/eldiariodesanpedro.com.ar\/sitio\/wp-json\/wp\/v2\/posts\/99660","targetHints":{"allow":["GET"]}}],"collection":[{"href":"https:\/\/eldiariodesanpedro.com.ar\/sitio\/wp-json\/wp\/v2\/posts"}],"about":[{"href":"https:\/\/eldiariodesanpedro.com.ar\/sitio\/wp-json\/wp\/v2\/types\/post"}],"author":[{"embeddable":true,"href":"https:\/\/eldiariodesanpedro.com.ar\/sitio\/wp-json\/wp\/v2\/users\/4"}],"replies":[{"embeddable":true,"href":"https:\/\/eldiariodesanpedro.com.ar\/sitio\/wp-json\/wp\/v2\/comments?post=99660"}],"version-history":[{"count":1,"href":"https:\/\/eldiariodesanpedro.com.ar\/sitio\/wp-json\/wp\/v2\/posts\/99660\/revisions"}],"predecessor-version":[{"id":99662,"href":"https:\/\/eldiariodesanpedro.com.ar\/sitio\/wp-json\/wp\/v2\/posts\/99660\/revisions\/99662"}],"wp:featuredmedia":[{"embeddable":true,"href":"https:\/\/eldiariodesanpedro.com.ar\/sitio\/wp-json\/wp\/v2\/media\/99661"}],"wp:attachment":[{"href":"https:\/\/eldiariodesanpedro.com.ar\/sitio\/wp-json\/wp\/v2\/media?parent=99660"}],"wp:term":[{"taxonomy":"category","embeddable":true,"href":"https:\/\/eldiariodesanpedro.com.ar\/sitio\/wp-json\/wp\/v2\/categories?post=99660"},{"taxonomy":"post_tag","embeddable":true,"href":"https:\/\/eldiariodesanpedro.com.ar\/sitio\/wp-json\/wp\/v2\/tags?post=99660"}],"curies":[{"name":"wp","href":"https:\/\/api.w.org\/{rel}","templated":true}]}}