{"id":99645,"date":"2021-09-27T17:58:27","date_gmt":"2021-09-27T20:58:27","guid":{"rendered":"https:\/\/eldiariodesanpedro.com.ar\/sitio\/?p=99645"},"modified":"2021-09-27T17:58:31","modified_gmt":"2021-09-27T20:58:31","slug":"brindis-por-el-dia-internacional-del-turismo-2","status":"publish","type":"post","link":"https:\/\/eldiariodesanpedro.com.ar\/sitio\/brindis-por-el-dia-internacional-del-turismo-2\/","title":{"rendered":"Brindis por el \u201cD\u00eda Internacional del Turismo\u201d"},"content":{"rendered":"<!-- VideographyWP Plugin Message: Automatic video embedding prevented by plugin options. -->\n\n<p>El Intendente Cecilio Salazar y la Secretar\u00eda de Turismo y Cultura Marcela Cu\u00f1er encabezaron esta tarde un brindis por el D\u00eda Internacional del Turismo en la hist\u00f3rica Casona de 1830, en Mitre y Liniers.<\/p>\n\n\n\n<p>Funcionarios del gabinete municipal y del equipo de las \u00e1reas que conduce Marcela Cu\u00f1er recibieron a prestadores y allegados a la actividad y a representantes de la C\u00e1mara de Turismo del Centro de Comercio.<\/p>\n\n\n\n<p>La Licenciada Cu\u00f1er hizo un repaso de lo que ha venido ocurriendo en todos estos meses tras el momento m\u00e1s cr\u00edtico de la Pandemia y remarc\u00f3 las expectativas que existen para los pr\u00f3ximos meses para que el sector se recupere y junto a un calendario de eventos que comienza a poblarse, San Pedro pueda recibir a miles de turistas.<\/p>\n\n\n\n<p>El Intendente, en el mismo sentido, destac\u00f3 el valor que tiene el turismo como generador de mano de obra y de actividad econ\u00f3mica en momentos en los que es sumamente necesario. Record\u00f3 que por pedido de los prestadores se jerarquiz\u00f3 al \u00e1rea de turismo convirti\u00e9ndola en Secretar\u00eda y que con el apoyo del Gobernador se fue actuando con responsabilidad en todo este tiempo para ir habilitando actividades que permitieran colaborar con el sector.<\/p>\n\n\n\n<p>Como cierre del acto se presentaron nuevas obras de se\u00f1al\u00e9tica en mosaiquismo, identificando las calles Mitre y Liniers y adem\u00e1s colocando un nuevo cartel en el acceso a la Secretar\u00eda. Estas obras son realizadas por un equipo de colaboradoras que ha comenzado a confeccionar otras piezas ya ubicadas en esquinas caracter\u00edsticas y que completar\u00e1n la identificaci\u00f3n de las calles principales con motivos alusivos la producci\u00f3n, los paisajes y las caracter\u00edsticas del Partido de San Pedro.<\/p>\n\n\n\n<figure class=\"wp-block-image size-large\"><img decoding=\"async\" width=\"1024\" height=\"652\" data-attachment-id=\"99640\" data-permalink=\"https:\/\/eldiariodesanpedro.com.ar\/sitio\/whatsapp-image-2021-09-27-at-17-05-09-1\/\" data-orig-file=\"https:\/\/eldiariodesanpedro.com.ar\/sitio\/wp-content\/uploads\/2021\/09\/WhatsApp-Image-2021-09-27-at-17.05.09-1.jpeg\" data-orig-size=\"1280,815\" data-comments-opened=\"0\" data-image-meta=\"{&quot;aperture&quot;:&quot;0&quot;,&quot;credit&quot;:&quot;&quot;,&quot;camera&quot;:&quot;&quot;,&quot;caption&quot;:&quot;&quot;,&quot;created_timestamp&quot;:&quot;0&quot;,&quot;copyright&quot;:&quot;&quot;,&quot;focal_length&quot;:&quot;0&quot;,&quot;iso&quot;:&quot;0&quot;,&quot;shutter_speed&quot;:&quot;0&quot;,&quot;title&quot;:&quot;&quot;,&quot;orientation&quot;:&quot;0&quot;}\" data-image-title=\"WhatsApp Image 2021-09-27 at 17.05.09 (1)\" data-image-description=\"\" data-image-caption=\"\" data-large-file=\"https:\/\/eldiariodesanpedro.com.ar\/sitio\/wp-content\/uploads\/2021\/09\/WhatsApp-Image-2021-09-27-at-17.05.09-1-1024x652.jpeg\" data-src=\"https:\/\/eldiariodesanpedro.com.ar\/sitio\/wp-content\/uploads\/2021\/09\/WhatsApp-Image-2021-09-27-at-17.05.09-1-1024x652.jpeg\" alt=\"\" class=\"wp-image-99640 lazyload\" data-srcset=\"https:\/\/eldiariodesanpedro.com.ar\/sitio\/wp-content\/uploads\/2021\/09\/WhatsApp-Image-2021-09-27-at-17.05.09-1-1024x652.jpeg 1024w, https:\/\/eldiariodesanpedro.com.ar\/sitio\/wp-content\/uploads\/2021\/09\/WhatsApp-Image-2021-09-27-at-17.05.09-1-300x191.jpeg 300w, https:\/\/eldiariodesanpedro.com.ar\/sitio\/wp-content\/uploads\/2021\/09\/WhatsApp-Image-2021-09-27-at-17.05.09-1-768x489.jpeg 768w, https:\/\/eldiariodesanpedro.com.ar\/sitio\/wp-content\/uploads\/2021\/09\/WhatsApp-Image-2021-09-27-at-17.05.09-1.jpeg 1280w\" data-sizes=\"(max-width: 1024px) 100vw, 1024px\" src=\"data:image\/svg+xml;base64,PHN2ZyB3aWR0aD0iMSIgaGVpZ2h0PSIxIiB4bWxucz0iaHR0cDovL3d3dy53My5vcmcvMjAwMC9zdmciPjwvc3ZnPg==\" style=\"--smush-placeholder-width: 1024px; --smush-placeholder-aspect-ratio: 1024\/652;\" \/><\/figure>\n","protected":false},"excerpt":{"rendered":"<p>El Intendente Cecilio Salazar y la Secretar\u00eda de Turismo y Cultura Marcela Cu\u00f1er encabezaron esta tarde un brindis por el D\u00eda Internacional del Turismo en la hist\u00f3rica Casona de 1830, en Mitre y Liniers. Funcionarios del gabinete municipal y del equipo de las \u00e1reas que conduce Marcela Cu\u00f1er recibieron a prestadores y allegados a la [&hellip;]<\/p>\n","protected":false},"author":4,"featured_media":99642,"comment_status":"closed","ping_status":"closed","sticky":false,"template":"","format":"standard","meta":{"om_disable_all_campaigns":false,"_jetpack_memberships_contains_paid_content":false,"footnotes":""},"categories":[50,101,2],"tags":[],"class_list":["post-99645","post","type-post","status-publish","format-standard","has-post-thumbnail","hentry","category-destacadas","category-interes-general-locales","category-locales"],"aioseo_notices":[],"gutentor_comment":0,"jetpack_featured_media_url":"https:\/\/eldiariodesanpedro.com.ar\/sitio\/wp-content\/uploads\/2021\/09\/WhatsApp-Image-2021-09-27-at-17.05.10.jpeg","jetpack_shortlink":"https:\/\/wp.me\/p6RhLt-pVb","jetpack_sharing_enabled":true,"_links":{"self":[{"href":"https:\/\/eldiariodesanpedro.com.ar\/sitio\/wp-json\/wp\/v2\/posts\/99645","targetHints":{"allow":["GET"]}}],"collection":[{"href":"https:\/\/eldiariodesanpedro.com.ar\/sitio\/wp-json\/wp\/v2\/posts"}],"about":[{"href":"https:\/\/eldiariodesanpedro.com.ar\/sitio\/wp-json\/wp\/v2\/types\/post"}],"author":[{"embeddable":true,"href":"https:\/\/eldiariodesanpedro.com.ar\/sitio\/wp-json\/wp\/v2\/users\/4"}],"replies":[{"embeddable":true,"href":"https:\/\/eldiariodesanpedro.com.ar\/sitio\/wp-json\/wp\/v2\/comments?post=99645"}],"version-history":[{"count":1,"href":"https:\/\/eldiariodesanpedro.com.ar\/sitio\/wp-json\/wp\/v2\/posts\/99645\/revisions"}],"predecessor-version":[{"id":99646,"href":"https:\/\/eldiariodesanpedro.com.ar\/sitio\/wp-json\/wp\/v2\/posts\/99645\/revisions\/99646"}],"wp:featuredmedia":[{"embeddable":true,"href":"https:\/\/eldiariodesanpedro.com.ar\/sitio\/wp-json\/wp\/v2\/media\/99642"}],"wp:attachment":[{"href":"https:\/\/eldiariodesanpedro.com.ar\/sitio\/wp-json\/wp\/v2\/media?parent=99645"}],"wp:term":[{"taxonomy":"category","embeddable":true,"href":"https:\/\/eldiariodesanpedro.com.ar\/sitio\/wp-json\/wp\/v2\/categories?post=99645"},{"taxonomy":"post_tag","embeddable":true,"href":"https:\/\/eldiariodesanpedro.com.ar\/sitio\/wp-json\/wp\/v2\/tags?post=99645"}],"curies":[{"name":"wp","href":"https:\/\/api.w.org\/{rel}","templated":true}]}}