{"id":99626,"date":"2021-09-27T17:35:17","date_gmt":"2021-09-27T20:35:17","guid":{"rendered":"https:\/\/eldiariodesanpedro.com.ar\/sitio\/?p=99626"},"modified":"2021-09-27T17:35:24","modified_gmt":"2021-09-27T20:35:24","slug":"el-administrador-de-vialidad-y-el-intendente-salazar-recorrieron-junto-a-vecinos-el-nuevo-acceso-a-gobernador-castro","status":"publish","type":"post","link":"https:\/\/eldiariodesanpedro.com.ar\/sitio\/el-administrador-de-vialidad-y-el-intendente-salazar-recorrieron-junto-a-vecinos-el-nuevo-acceso-a-gobernador-castro\/","title":{"rendered":"El Administrador de Vialidad y el Intendente Salazar recorrieron junto a vecinos el nuevo acceso a Gobernador Castro"},"content":{"rendered":"<!-- VideographyWP Plugin Message: Automatic video embedding prevented by plugin options. -->\n\n<p>Esta ma\u00f1ana arrib\u00f3 a Gobernador Castro el Administrador General de Vialidad Nacional, Gustavo Arrieta. El funcionario fue recibido por el Intendente Cecilio Salazar y funcionarios del equipo de gobierno para recorrer la obra de repavimentaci\u00f3n que est\u00e1 a punto de concluir en el acceso a la localidad.<\/p>\n\n\n\n<p>Con gran emoci\u00f3n, varios vecinos acompa\u00f1aron estas actividades, celebrando la concreci\u00f3n de un anhelo pendiente desde hace muchos a\u00f1os y que finalmente por las gestiones realizadas desde el gobierno del Intendente Salazar ante el gobierno nacional, se han hecho realidad.<\/p>\n\n\n\n<p>El Ingeniero Arrieta destac\u00f3 el compromiso del Intendente con la localidad y la importancia de haber podido responder favorablemente para que Gobernador Castro cuente con la conectividad necesaria para las actividades cotidianas de los vecinos, la producci\u00f3n y el turismo.<\/p>\n\n\n\n<p>La visita del funcionario sirvi\u00f3 tambi\u00e9n para confirmar la realizaci\u00f3n de una obra completa de se\u00f1alizaci\u00f3n en los aproximadamente 5 kil\u00f3metros del acceso, que tambi\u00e9n se ha convertido en una zona de paseo y actividad f\u00edsica para los vecinos.<\/p>\n\n\n\n<p>Tanto el Intendente como el titular de Vialidad mencionaron tambi\u00e9n la proximidad de otras obras muy esperadas como la repavimentaci\u00f3n de la ruta 191, la solicitud para incluir el acceso a Santa Luc\u00eda y la reparaci\u00f3n de la ruta 1001 en su continuidad hasta Vuelta de Obligado.<\/p>\n\n\n\n<p>En el encuentro se remarc\u00f3 tambi\u00e9n la importancia de esta obra como generadora de movimiento econ\u00f3mico durante su desarrollo y la oportunidad que representa para consolidar la recuperaci\u00f3n de todas las actividades en la localidad con una importancia relevante en la producci\u00f3n y una ubicaci\u00f3n estrat\u00e9gica.<\/p>\n\n\n\n<p>Junto al Administrador de Vialidad participaron Marcelo Sosa, Asesor en Asuntos Municipales, Jorge Ruesga, Gerente Ejecutivo, Fausto Graves Asesor Interjurisdiccional, Patricio Garc\u00eda, Gerente Ejecutivo de Regiones y Juan Mincarelli, Gerente de Relaciones Institucionales del organismo.<\/p>\n\n\n\n<figure class=\"wp-block-image size-large\"><img decoding=\"async\" width=\"1024\" height=\"682\" data-attachment-id=\"99631\" data-permalink=\"https:\/\/eldiariodesanpedro.com.ar\/sitio\/el-administrador-de-vialidad-y-el-intendente-salazar-recorrieron-junto-a-vecinos-el-nuevo-acceso-a-gobernador-castro\/whatsapp-image-2021-09-27-at-15-29-46\/\" data-orig-file=\"https:\/\/eldiariodesanpedro.com.ar\/sitio\/wp-content\/uploads\/2021\/09\/WhatsApp-Image-2021-09-27-at-15.29.46.jpeg\" data-orig-size=\"1280,853\" data-comments-opened=\"0\" data-image-meta=\"{&quot;aperture&quot;:&quot;0&quot;,&quot;credit&quot;:&quot;&quot;,&quot;camera&quot;:&quot;&quot;,&quot;caption&quot;:&quot;&quot;,&quot;created_timestamp&quot;:&quot;0&quot;,&quot;copyright&quot;:&quot;&quot;,&quot;focal_length&quot;:&quot;0&quot;,&quot;iso&quot;:&quot;0&quot;,&quot;shutter_speed&quot;:&quot;0&quot;,&quot;title&quot;:&quot;&quot;,&quot;orientation&quot;:&quot;0&quot;}\" data-image-title=\"WhatsApp Image 2021-09-27 at 15.29.46\" data-image-description=\"\" data-image-caption=\"\" data-large-file=\"https:\/\/eldiariodesanpedro.com.ar\/sitio\/wp-content\/uploads\/2021\/09\/WhatsApp-Image-2021-09-27-at-15.29.46-1024x682.jpeg\" data-src=\"https:\/\/eldiariodesanpedro.com.ar\/sitio\/wp-content\/uploads\/2021\/09\/WhatsApp-Image-2021-09-27-at-15.29.46-1024x682.jpeg\" alt=\"\" class=\"wp-image-99631 lazyload\" data-srcset=\"https:\/\/eldiariodesanpedro.com.ar\/sitio\/wp-content\/uploads\/2021\/09\/WhatsApp-Image-2021-09-27-at-15.29.46-1024x682.jpeg 1024w, https:\/\/eldiariodesanpedro.com.ar\/sitio\/wp-content\/uploads\/2021\/09\/WhatsApp-Image-2021-09-27-at-15.29.46-300x200.jpeg 300w, https:\/\/eldiariodesanpedro.com.ar\/sitio\/wp-content\/uploads\/2021\/09\/WhatsApp-Image-2021-09-27-at-15.29.46-768x512.jpeg 768w, https:\/\/eldiariodesanpedro.com.ar\/sitio\/wp-content\/uploads\/2021\/09\/WhatsApp-Image-2021-09-27-at-15.29.46.jpeg 1280w\" data-sizes=\"(max-width: 1024px) 100vw, 1024px\" src=\"data:image\/svg+xml;base64,PHN2ZyB3aWR0aD0iMSIgaGVpZ2h0PSIxIiB4bWxucz0iaHR0cDovL3d3dy53My5vcmcvMjAwMC9zdmciPjwvc3ZnPg==\" style=\"--smush-placeholder-width: 1024px; --smush-placeholder-aspect-ratio: 1024\/682;\" \/><\/figure>\n\n\n\n<figure class=\"wp-block-image size-large\"><img decoding=\"async\" width=\"1024\" height=\"682\" data-attachment-id=\"99627\" data-permalink=\"https:\/\/eldiariodesanpedro.com.ar\/sitio\/el-administrador-de-vialidad-y-el-intendente-salazar-recorrieron-junto-a-vecinos-el-nuevo-acceso-a-gobernador-castro\/whatsapp-image-2021-09-27-at-15-29-44-1\/\" data-orig-file=\"https:\/\/eldiariodesanpedro.com.ar\/sitio\/wp-content\/uploads\/2021\/09\/WhatsApp-Image-2021-09-27-at-15.29.44-1.jpeg\" data-orig-size=\"1280,853\" data-comments-opened=\"0\" data-image-meta=\"{&quot;aperture&quot;:&quot;0&quot;,&quot;credit&quot;:&quot;&quot;,&quot;camera&quot;:&quot;&quot;,&quot;caption&quot;:&quot;&quot;,&quot;created_timestamp&quot;:&quot;0&quot;,&quot;copyright&quot;:&quot;&quot;,&quot;focal_length&quot;:&quot;0&quot;,&quot;iso&quot;:&quot;0&quot;,&quot;shutter_speed&quot;:&quot;0&quot;,&quot;title&quot;:&quot;&quot;,&quot;orientation&quot;:&quot;0&quot;}\" data-image-title=\"WhatsApp Image 2021-09-27 at 15.29.44 (1)\" data-image-description=\"\" data-image-caption=\"\" data-large-file=\"https:\/\/eldiariodesanpedro.com.ar\/sitio\/wp-content\/uploads\/2021\/09\/WhatsApp-Image-2021-09-27-at-15.29.44-1-1024x682.jpeg\" data-src=\"https:\/\/eldiariodesanpedro.com.ar\/sitio\/wp-content\/uploads\/2021\/09\/WhatsApp-Image-2021-09-27-at-15.29.44-1-1024x682.jpeg\" alt=\"\" class=\"wp-image-99627 lazyload\" data-srcset=\"https:\/\/eldiariodesanpedro.com.ar\/sitio\/wp-content\/uploads\/2021\/09\/WhatsApp-Image-2021-09-27-at-15.29.44-1-1024x682.jpeg 1024w, https:\/\/eldiariodesanpedro.com.ar\/sitio\/wp-content\/uploads\/2021\/09\/WhatsApp-Image-2021-09-27-at-15.29.44-1-300x200.jpeg 300w, https:\/\/eldiariodesanpedro.com.ar\/sitio\/wp-content\/uploads\/2021\/09\/WhatsApp-Image-2021-09-27-at-15.29.44-1-768x512.jpeg 768w, https:\/\/eldiariodesanpedro.com.ar\/sitio\/wp-content\/uploads\/2021\/09\/WhatsApp-Image-2021-09-27-at-15.29.44-1.jpeg 1280w\" data-sizes=\"(max-width: 1024px) 100vw, 1024px\" src=\"data:image\/svg+xml;base64,PHN2ZyB3aWR0aD0iMSIgaGVpZ2h0PSIxIiB4bWxucz0iaHR0cDovL3d3dy53My5vcmcvMjAwMC9zdmciPjwvc3ZnPg==\" style=\"--smush-placeholder-width: 1024px; --smush-placeholder-aspect-ratio: 1024\/682;\" \/><\/figure>\n","protected":false},"excerpt":{"rendered":"<p>Esta ma\u00f1ana arrib\u00f3 a Gobernador Castro el Administrador General de Vialidad Nacional, Gustavo Arrieta. El funcionario fue recibido por el Intendente Cecilio Salazar y funcionarios del equipo de gobierno para recorrer la obra de repavimentaci\u00f3n que est\u00e1 a punto de concluir en el acceso a la localidad. Con gran emoci\u00f3n, varios vecinos acompa\u00f1aron estas actividades, [&hellip;]<\/p>\n","protected":false},"author":4,"featured_media":99629,"comment_status":"closed","ping_status":"closed","sticky":false,"template":"","format":"standard","meta":{"om_disable_all_campaigns":false,"_jetpack_memberships_contains_paid_content":false,"footnotes":""},"categories":[50,101,2],"tags":[197,696,33,19],"class_list":["post-99626","post","type-post","status-publish","format-standard","has-post-thumbnail","hentry","category-destacadas","category-interes-general-locales","category-locales","tag-buenos-aires","tag-interes-general","tag-locales","tag-san-pedro"],"aioseo_notices":[],"gutentor_comment":0,"jetpack_featured_media_url":"https:\/\/eldiariodesanpedro.com.ar\/sitio\/wp-content\/uploads\/2021\/09\/WhatsApp-Image-2021-09-27-at-15.29.45.jpeg","jetpack_shortlink":"https:\/\/wp.me\/p6RhLt-pUS","jetpack_sharing_enabled":true,"_links":{"self":[{"href":"https:\/\/eldiariodesanpedro.com.ar\/sitio\/wp-json\/wp\/v2\/posts\/99626","targetHints":{"allow":["GET"]}}],"collection":[{"href":"https:\/\/eldiariodesanpedro.com.ar\/sitio\/wp-json\/wp\/v2\/posts"}],"about":[{"href":"https:\/\/eldiariodesanpedro.com.ar\/sitio\/wp-json\/wp\/v2\/types\/post"}],"author":[{"embeddable":true,"href":"https:\/\/eldiariodesanpedro.com.ar\/sitio\/wp-json\/wp\/v2\/users\/4"}],"replies":[{"embeddable":true,"href":"https:\/\/eldiariodesanpedro.com.ar\/sitio\/wp-json\/wp\/v2\/comments?post=99626"}],"version-history":[{"count":1,"href":"https:\/\/eldiariodesanpedro.com.ar\/sitio\/wp-json\/wp\/v2\/posts\/99626\/revisions"}],"predecessor-version":[{"id":99632,"href":"https:\/\/eldiariodesanpedro.com.ar\/sitio\/wp-json\/wp\/v2\/posts\/99626\/revisions\/99632"}],"wp:featuredmedia":[{"embeddable":true,"href":"https:\/\/eldiariodesanpedro.com.ar\/sitio\/wp-json\/wp\/v2\/media\/99629"}],"wp:attachment":[{"href":"https:\/\/eldiariodesanpedro.com.ar\/sitio\/wp-json\/wp\/v2\/media?parent=99626"}],"wp:term":[{"taxonomy":"category","embeddable":true,"href":"https:\/\/eldiariodesanpedro.com.ar\/sitio\/wp-json\/wp\/v2\/categories?post=99626"},{"taxonomy":"post_tag","embeddable":true,"href":"https:\/\/eldiariodesanpedro.com.ar\/sitio\/wp-json\/wp\/v2\/tags?post=99626"}],"curies":[{"name":"wp","href":"https:\/\/api.w.org\/{rel}","templated":true}]}}