{"id":9961,"date":"2016-11-09T10:12:13","date_gmt":"2016-11-09T13:12:13","guid":{"rendered":"https:\/\/eldiariodesanpedro.com.ar\/sitio\/?p=9961"},"modified":"2016-11-09T10:12:58","modified_gmt":"2016-11-09T13:12:58","slug":"detienen-a-un-joven-con-pedido-de-captura-2","status":"publish","type":"post","link":"https:\/\/eldiariodesanpedro.com.ar\/sitio\/detienen-a-un-joven-con-pedido-de-captura-2\/","title":{"rendered":"Detienen a un joven con pedido de captura"},"content":{"rendered":"<p><!-- VideographyWP Plugin Message: Automatic video embedding prevented by plugin options. --><br \/>\nEn la tarde de ayer detienen a un joven de 22 a\u00f1os en calle 11 de Septiembre y Saavedra, quien tenia pedido de captura por un hecho de robo agravado, el pedido de aprensi\u00f3n estaba vigente desde el d\u00eda 02 de abril de 2016 y fue solicitado por el juez de garant\u00eda N\u00ba 1 de San Nicolas, intervino la UFI N\u00ba5.<\/p>\n","protected":false},"excerpt":{"rendered":"<p>En la tarde de ayer detienen a un joven de 22 a\u00f1os en calle 11 de Septiembre y Saavedra, quien tenia pedido de captura por un hecho de robo agravado, el pedido de aprensi\u00f3n estaba vigente desde el d\u00eda 02 de abril de 2016 y fue solicitado por el juez de garant\u00eda N\u00ba 1 de [&hellip;]<\/p>\n","protected":false},"author":4,"featured_media":4713,"comment_status":"open","ping_status":"closed","sticky":false,"template":"","format":"standard","meta":{"om_disable_all_campaigns":false,"_jetpack_memberships_contains_paid_content":false,"footnotes":""},"categories":[2,103],"tags":[],"class_list":["post-9961","post","type-post","status-publish","format-standard","has-post-thumbnail","hentry","category-locales","category-policiales-locales"],"aioseo_notices":[],"gutentor_comment":0,"jetpack_featured_media_url":"https:\/\/eldiariodesanpedro.com.ar\/sitio\/wp-content\/uploads\/2016\/05\/detenido.jpg","jetpack_shortlink":"https:\/\/wp.me\/p6RhLt-2AF","jetpack_sharing_enabled":true,"_links":{"self":[{"href":"https:\/\/eldiariodesanpedro.com.ar\/sitio\/wp-json\/wp\/v2\/posts\/9961","targetHints":{"allow":["GET"]}}],"collection":[{"href":"https:\/\/eldiariodesanpedro.com.ar\/sitio\/wp-json\/wp\/v2\/posts"}],"about":[{"href":"https:\/\/eldiariodesanpedro.com.ar\/sitio\/wp-json\/wp\/v2\/types\/post"}],"author":[{"embeddable":true,"href":"https:\/\/eldiariodesanpedro.com.ar\/sitio\/wp-json\/wp\/v2\/users\/4"}],"replies":[{"embeddable":true,"href":"https:\/\/eldiariodesanpedro.com.ar\/sitio\/wp-json\/wp\/v2\/comments?post=9961"}],"version-history":[{"count":2,"href":"https:\/\/eldiariodesanpedro.com.ar\/sitio\/wp-json\/wp\/v2\/posts\/9961\/revisions"}],"predecessor-version":[{"id":9963,"href":"https:\/\/eldiariodesanpedro.com.ar\/sitio\/wp-json\/wp\/v2\/posts\/9961\/revisions\/9963"}],"wp:featuredmedia":[{"embeddable":true,"href":"https:\/\/eldiariodesanpedro.com.ar\/sitio\/wp-json\/wp\/v2\/media\/4713"}],"wp:attachment":[{"href":"https:\/\/eldiariodesanpedro.com.ar\/sitio\/wp-json\/wp\/v2\/media?parent=9961"}],"wp:term":[{"taxonomy":"category","embeddable":true,"href":"https:\/\/eldiariodesanpedro.com.ar\/sitio\/wp-json\/wp\/v2\/categories?post=9961"},{"taxonomy":"post_tag","embeddable":true,"href":"https:\/\/eldiariodesanpedro.com.ar\/sitio\/wp-json\/wp\/v2\/tags?post=9961"}],"curies":[{"name":"wp","href":"https:\/\/api.w.org\/{rel}","templated":true}]}}