{"id":99595,"date":"2021-09-26T20:03:21","date_gmt":"2021-09-26T23:03:21","guid":{"rendered":"https:\/\/eldiariodesanpedro.com.ar\/sitio\/?p=99595"},"modified":"2021-09-26T20:03:25","modified_gmt":"2021-09-26T23:03:25","slug":"operatorio-seguridad-vial-15-actas-y-se-retuvo-6-vehiculos","status":"publish","type":"post","link":"https:\/\/eldiariodesanpedro.com.ar\/sitio\/operatorio-seguridad-vial-15-actas-y-se-retuvo-6-vehiculos\/","title":{"rendered":"Operatorio Seguridad Vial: 15 actas y se retuvo 6 veh\u00edculos"},"content":{"rendered":"<!-- VideographyWP Plugin Message: Automatic video embedding prevented by plugin options. -->\n\n<p>Compartimos los resultados del operativo realizado durante el fin de semana por la Direcci\u00f3n de Tr\u00e1nsito y Nocturnidad y la Secretar\u00eda de Seguridad de la Municipalidad de San Pedro en conjunto con fuerzas de seguridad y la Agencia Nacional de Seguridad Vial<\/p>\n\n\n\n<p>Se llevaron a cabo 418 controles de los que se labraron 15 actas y se procedi\u00f3 a la retenci\u00f3n de 6 veh\u00edculos.<\/p>\n\n\n\n<iframe data-src=\"https:\/\/www.facebook.com\/plugins\/post.php?href=https%3A%2F%2Fwww.facebook.com%2Fdiariosp2%2Fposts%2F179693467595860&#038;show_text=true&#038;width=500\" width=\"500\" height=\"645\" style=\"border:none;overflow:hidden\" scrolling=\"no\" frameborder=\"0\" allowfullscreen=\"true\" allow=\"autoplay; clipboard-write; encrypted-media; picture-in-picture; web-share\" src=\"data:image\/svg+xml;base64,PHN2ZyB3aWR0aD0iMSIgaGVpZ2h0PSIxIiB4bWxucz0iaHR0cDovL3d3dy53My5vcmcvMjAwMC9zdmciPjwvc3ZnPg==\" class=\"lazyload\" data-load-mode=\"1\"><\/iframe>\n","protected":false},"excerpt":{"rendered":"<p>Compartimos los resultados del operativo realizado durante el fin de semana por la Direcci\u00f3n de Tr\u00e1nsito y Nocturnidad y la Secretar\u00eda de Seguridad de la Municipalidad de San Pedro en conjunto con fuerzas de seguridad y la Agencia Nacional de Seguridad Vial Se llevaron a cabo 418 controles de los que se labraron 15 actas [&hellip;]<\/p>\n","protected":false},"author":4,"featured_media":99596,"comment_status":"closed","ping_status":"closed","sticky":false,"template":"","format":"standard","meta":{"om_disable_all_campaigns":false,"_jetpack_memberships_contains_paid_content":false,"footnotes":""},"categories":[50,101,2],"tags":[197,696,33,19],"class_list":["post-99595","post","type-post","status-publish","format-standard","has-post-thumbnail","hentry","category-destacadas","category-interes-general-locales","category-locales","tag-buenos-aires","tag-interes-general","tag-locales","tag-san-pedro"],"aioseo_notices":[],"gutentor_comment":0,"jetpack_featured_media_url":"https:\/\/eldiariodesanpedro.com.ar\/sitio\/wp-content\/uploads\/2021\/09\/243157209_179693040929236_8350675630623357496_n.jpg","jetpack_shortlink":"https:\/\/wp.me\/p6RhLt-pUn","jetpack_sharing_enabled":true,"_links":{"self":[{"href":"https:\/\/eldiariodesanpedro.com.ar\/sitio\/wp-json\/wp\/v2\/posts\/99595","targetHints":{"allow":["GET"]}}],"collection":[{"href":"https:\/\/eldiariodesanpedro.com.ar\/sitio\/wp-json\/wp\/v2\/posts"}],"about":[{"href":"https:\/\/eldiariodesanpedro.com.ar\/sitio\/wp-json\/wp\/v2\/types\/post"}],"author":[{"embeddable":true,"href":"https:\/\/eldiariodesanpedro.com.ar\/sitio\/wp-json\/wp\/v2\/users\/4"}],"replies":[{"embeddable":true,"href":"https:\/\/eldiariodesanpedro.com.ar\/sitio\/wp-json\/wp\/v2\/comments?post=99595"}],"version-history":[{"count":1,"href":"https:\/\/eldiariodesanpedro.com.ar\/sitio\/wp-json\/wp\/v2\/posts\/99595\/revisions"}],"predecessor-version":[{"id":99597,"href":"https:\/\/eldiariodesanpedro.com.ar\/sitio\/wp-json\/wp\/v2\/posts\/99595\/revisions\/99597"}],"wp:featuredmedia":[{"embeddable":true,"href":"https:\/\/eldiariodesanpedro.com.ar\/sitio\/wp-json\/wp\/v2\/media\/99596"}],"wp:attachment":[{"href":"https:\/\/eldiariodesanpedro.com.ar\/sitio\/wp-json\/wp\/v2\/media?parent=99595"}],"wp:term":[{"taxonomy":"category","embeddable":true,"href":"https:\/\/eldiariodesanpedro.com.ar\/sitio\/wp-json\/wp\/v2\/categories?post=99595"},{"taxonomy":"post_tag","embeddable":true,"href":"https:\/\/eldiariodesanpedro.com.ar\/sitio\/wp-json\/wp\/v2\/tags?post=99595"}],"curies":[{"name":"wp","href":"https:\/\/api.w.org\/{rel}","templated":true}]}}