{"id":99592,"date":"2021-09-26T19:48:59","date_gmt":"2021-09-26T22:48:59","guid":{"rendered":"https:\/\/eldiariodesanpedro.com.ar\/sitio\/?p=99592"},"modified":"2021-09-26T19:49:03","modified_gmt":"2021-09-26T22:49:03","slug":"visita-del-administrador-nacional-de-vialidad-a-la-obra-de-pavimentacion-en-el-acceso-a-gobernador-castro","status":"publish","type":"post","link":"https:\/\/eldiariodesanpedro.com.ar\/sitio\/visita-del-administrador-nacional-de-vialidad-a-la-obra-de-pavimentacion-en-el-acceso-a-gobernador-castro\/","title":{"rendered":"Visita del Administrador Nacional de Vialidad a la obra de pavimentaci\u00f3n en el Acceso a Gobernador Castro"},"content":{"rendered":"<!-- VideographyWP Plugin Message: Automatic video embedding prevented by plugin options. -->\n\n<p>Este lunes 27 de septiembre visitar\u00e1 la obra de pavimentaci\u00f3n del acceso a Gobernador Castro el Administrador General de la Direcci\u00f3n Nacional de Vialidad, Gustavo Arrieta.<\/p>\n\n\n\n<p>Las actividades previstas en el marco de esta visita comenzar\u00e1n a las 10:00 hs.<\/p>\n","protected":false},"excerpt":{"rendered":"<p>Este lunes 27 de septiembre visitar\u00e1 la obra de pavimentaci\u00f3n del acceso a Gobernador Castro el Administrador General de la Direcci\u00f3n Nacional de Vialidad, Gustavo Arrieta. Las actividades previstas en el marco de esta visita comenzar\u00e1n a las 10:00 hs.<\/p>\n","protected":false},"author":4,"featured_media":99593,"comment_status":"closed","ping_status":"closed","sticky":false,"template":"","format":"standard","meta":{"om_disable_all_campaigns":false,"_jetpack_memberships_contains_paid_content":false,"footnotes":""},"categories":[101,2],"tags":[],"class_list":["post-99592","post","type-post","status-publish","format-standard","has-post-thumbnail","hentry","category-interes-general-locales","category-locales"],"aioseo_notices":[],"gutentor_comment":0,"jetpack_featured_media_url":"https:\/\/eldiariodesanpedro.com.ar\/sitio\/wp-content\/uploads\/2021\/09\/OP-4-e1580729664532.jpeg","jetpack_shortlink":"https:\/\/wp.me\/p6RhLt-pUk","jetpack_sharing_enabled":true,"_links":{"self":[{"href":"https:\/\/eldiariodesanpedro.com.ar\/sitio\/wp-json\/wp\/v2\/posts\/99592","targetHints":{"allow":["GET"]}}],"collection":[{"href":"https:\/\/eldiariodesanpedro.com.ar\/sitio\/wp-json\/wp\/v2\/posts"}],"about":[{"href":"https:\/\/eldiariodesanpedro.com.ar\/sitio\/wp-json\/wp\/v2\/types\/post"}],"author":[{"embeddable":true,"href":"https:\/\/eldiariodesanpedro.com.ar\/sitio\/wp-json\/wp\/v2\/users\/4"}],"replies":[{"embeddable":true,"href":"https:\/\/eldiariodesanpedro.com.ar\/sitio\/wp-json\/wp\/v2\/comments?post=99592"}],"version-history":[{"count":1,"href":"https:\/\/eldiariodesanpedro.com.ar\/sitio\/wp-json\/wp\/v2\/posts\/99592\/revisions"}],"predecessor-version":[{"id":99594,"href":"https:\/\/eldiariodesanpedro.com.ar\/sitio\/wp-json\/wp\/v2\/posts\/99592\/revisions\/99594"}],"wp:featuredmedia":[{"embeddable":true,"href":"https:\/\/eldiariodesanpedro.com.ar\/sitio\/wp-json\/wp\/v2\/media\/99593"}],"wp:attachment":[{"href":"https:\/\/eldiariodesanpedro.com.ar\/sitio\/wp-json\/wp\/v2\/media?parent=99592"}],"wp:term":[{"taxonomy":"category","embeddable":true,"href":"https:\/\/eldiariodesanpedro.com.ar\/sitio\/wp-json\/wp\/v2\/categories?post=99592"},{"taxonomy":"post_tag","embeddable":true,"href":"https:\/\/eldiariodesanpedro.com.ar\/sitio\/wp-json\/wp\/v2\/tags?post=99592"}],"curies":[{"name":"wp","href":"https:\/\/api.w.org\/{rel}","templated":true}]}}