{"id":9959,"date":"2016-11-09T09:56:46","date_gmt":"2016-11-09T12:56:46","guid":{"rendered":"https:\/\/eldiariodesanpedro.com.ar\/sitio\/?p=9959"},"modified":"2016-11-09T09:56:46","modified_gmt":"2016-11-09T12:56:46","slug":"detienen-a-un-hombre-de-53-anos-por-abuso-de-una-menor","status":"publish","type":"post","link":"https:\/\/eldiariodesanpedro.com.ar\/sitio\/detienen-a-un-hombre-de-53-anos-por-abuso-de-una-menor\/","title":{"rendered":"Detienen a un hombre de 53 a\u00f1os por abuso de una menor"},"content":{"rendered":"<p><!-- VideographyWP Plugin Message: Automatic video embedding prevented by plugin options. --><br \/>\nEl Juzgado de Garant\u00edas N\u00b03 de San Nicol\u00e1s otorg\u00f3 la detenci\u00f3n del sujeto de 53 a\u00f1os, acusado de abusar contra la menor de 13, en el a\u00f1o 2014.<\/p>\n<p>Se trata de una investigaci\u00f3n llevada adelante por la UFI N\u00b0 5 del Dr. Marcelo Manso que caratul\u00f3 la causa como \u201cAbuso Sexual con Acceso Carnal\u201d. <\/p>\n<p>Seg\u00fan se pudo constatar la captura del hombre por parte de los efectivos policiales se produjo en la v\u00eda p\u00fablica en inmediaciones de su vivienda.<\/p>\n<p>El imputado permanece alojado en los calabozos de la comisar\u00eda de nuestra ciudad hasta que sea determinada su remisi\u00f3n al penal donde permanecer\u00e1 hasta el juicio.<\/p>\n","protected":false},"excerpt":{"rendered":"<p>El Juzgado de Garant\u00edas N\u00b03 de San Nicol\u00e1s otorg\u00f3 la detenci\u00f3n del sujeto de 53 a\u00f1os, acusado de abusar contra la menor de 13, en el a\u00f1o 2014. Se trata de una investigaci\u00f3n llevada adelante por la UFI N\u00b0 5 del Dr. Marcelo Manso que caratul\u00f3 la causa como \u201cAbuso Sexual con Acceso Carnal\u201d. Seg\u00fan [&hellip;]<\/p>\n","protected":false},"author":4,"featured_media":1378,"comment_status":"open","ping_status":"closed","sticky":false,"template":"","format":"standard","meta":{"om_disable_all_campaigns":false,"_jetpack_memberships_contains_paid_content":false,"footnotes":""},"categories":[2,103],"tags":[],"class_list":["post-9959","post","type-post","status-publish","format-standard","has-post-thumbnail","hentry","category-locales","category-policiales-locales"],"aioseo_notices":[],"gutentor_comment":0,"jetpack_featured_media_url":"https:\/\/eldiariodesanpedro.com.ar\/sitio\/wp-content\/uploads\/2015\/12\/detenido-esposado-620x413.jpg","jetpack_shortlink":"https:\/\/wp.me\/p6RhLt-2AD","jetpack_sharing_enabled":true,"_links":{"self":[{"href":"https:\/\/eldiariodesanpedro.com.ar\/sitio\/wp-json\/wp\/v2\/posts\/9959","targetHints":{"allow":["GET"]}}],"collection":[{"href":"https:\/\/eldiariodesanpedro.com.ar\/sitio\/wp-json\/wp\/v2\/posts"}],"about":[{"href":"https:\/\/eldiariodesanpedro.com.ar\/sitio\/wp-json\/wp\/v2\/types\/post"}],"author":[{"embeddable":true,"href":"https:\/\/eldiariodesanpedro.com.ar\/sitio\/wp-json\/wp\/v2\/users\/4"}],"replies":[{"embeddable":true,"href":"https:\/\/eldiariodesanpedro.com.ar\/sitio\/wp-json\/wp\/v2\/comments?post=9959"}],"version-history":[{"count":1,"href":"https:\/\/eldiariodesanpedro.com.ar\/sitio\/wp-json\/wp\/v2\/posts\/9959\/revisions"}],"predecessor-version":[{"id":9960,"href":"https:\/\/eldiariodesanpedro.com.ar\/sitio\/wp-json\/wp\/v2\/posts\/9959\/revisions\/9960"}],"wp:featuredmedia":[{"embeddable":true,"href":"https:\/\/eldiariodesanpedro.com.ar\/sitio\/wp-json\/wp\/v2\/media\/1378"}],"wp:attachment":[{"href":"https:\/\/eldiariodesanpedro.com.ar\/sitio\/wp-json\/wp\/v2\/media?parent=9959"}],"wp:term":[{"taxonomy":"category","embeddable":true,"href":"https:\/\/eldiariodesanpedro.com.ar\/sitio\/wp-json\/wp\/v2\/categories?post=9959"},{"taxonomy":"post_tag","embeddable":true,"href":"https:\/\/eldiariodesanpedro.com.ar\/sitio\/wp-json\/wp\/v2\/tags?post=9959"}],"curies":[{"name":"wp","href":"https:\/\/api.w.org\/{rel}","templated":true}]}}