{"id":99585,"date":"2021-09-26T18:24:53","date_gmt":"2021-09-26T21:24:53","guid":{"rendered":"https:\/\/eldiariodesanpedro.com.ar\/sitio\/?p=99585"},"modified":"2021-09-26T18:24:58","modified_gmt":"2021-09-26T21:24:58","slug":"cronograma-de-anses-para-manana-lunes-4","status":"publish","type":"post","link":"https:\/\/eldiariodesanpedro.com.ar\/sitio\/cronograma-de-anses-para-manana-lunes-4\/","title":{"rendered":"Cronograma de Anses para ma\u00f1ana lunes"},"content":{"rendered":"<!-- VideographyWP Plugin Message: Automatic video embedding prevented by plugin options. -->\n\n<p><strong>El organismo, a cargo de la Lic. Fernanda Raverta, informa que ma\u00f1ana se abonan jubilaciones, pensiones, Prestaci\u00f3n por Desempleo y los programas Alimentar y Alimentario PAMI.<\/strong><\/p>\n\n\n\n<p><strong>Jubilaciones&nbsp;y&nbsp;pensiones&nbsp;<\/strong><\/p>\n\n\n\n<p>Las sucursales bancarias habilitadas atender\u00e1n por ventanilla a jubilados, jubiladas, pensionados y pensionadas que tengan haberes entre&nbsp;<strong>29.135 pesos<\/strong>&nbsp;y<strong>&nbsp;174.433 pesos&nbsp;<\/strong>y susdocumentos terminen en&nbsp;<strong>6&nbsp;<\/strong>y&nbsp;<strong>7<\/strong>.<\/p>\n\n\n\n<p><strong>Prestaci\u00f3n por Desempleo<\/strong><\/p>\n\n\n\n<p>Ma\u00f1ana perciben la Prestaci\u00f3n por Desempleo las personas cuyos documentos concluyen en&nbsp;<strong>4&nbsp;<\/strong>y<strong>&nbsp;5<\/strong>.<\/p>\n\n\n\n<p><strong>Programa Alimentar<\/strong><\/p>\n\n\n\n<p>En el marco del&nbsp;<em>Plan Argentina contra el Hambre<\/em>&nbsp;del Ministerio de Desarrollo Social, la ANSES acompa\u00f1a con el pago del programa Alimentar. Ma\u00f1ana cobran titulares de la AUH con hijos e hijas de 0 a 14 a\u00f1os inclusive con documentos finalizados en&nbsp;<strong>6<\/strong>&nbsp;y&nbsp;<strong>7<\/strong>, que no poseen la tarjeta pl\u00e1stica y reciben el dinero en la misma cuenta de la prestaci\u00f3n.<strong><\/strong><\/p>\n\n\n\n<p><strong>Programa Alimentario PAMI<\/strong><\/p>\n\n\n\n<p>En el marco del Programa Alimentario PAMI, la ANSES abona ma\u00f1ana el pago extraordinario equivalente al monto del bols\u00f3n de alimentos para&nbsp;jubilados, jubiladas, pensionados y pensionadas con documentos terminados en<strong>&nbsp;6&nbsp;<\/strong>y<strong>&nbsp;7&nbsp;<\/strong>cuyos<strong>&nbsp;haberes SUPEREN la suma de 29.135 pesos<\/strong>. Para m\u00e1s informaci\u00f3n se puede ingresar a&nbsp;<a href=\"http:\/\/www.pami.org.ar\/programa-alimentario\" target=\"_blank\" rel=\"noreferrer noopener\">www.pami.org.ar\/programa-alimentario<\/a>.<\/p>\n","protected":false},"excerpt":{"rendered":"<p>El organismo, a cargo de la Lic. Fernanda Raverta, informa que ma\u00f1ana se abonan jubilaciones, pensiones, Prestaci\u00f3n por Desempleo y los programas Alimentar y Alimentario PAMI. Jubilaciones&nbsp;y&nbsp;pensiones&nbsp; Las sucursales bancarias habilitadas atender\u00e1n por ventanilla a jubilados, jubiladas, pensionados y pensionadas que tengan haberes entre&nbsp;29.135 pesos&nbsp;y&nbsp;174.433 pesos&nbsp;y susdocumentos terminen en&nbsp;6&nbsp;y&nbsp;7. Prestaci\u00f3n por Desempleo Ma\u00f1ana perciben la [&hellip;]<\/p>\n","protected":false},"author":4,"featured_media":74872,"comment_status":"closed","ping_status":"closed","sticky":false,"template":"","format":"standard","meta":{"om_disable_all_campaigns":false,"_jetpack_memberships_contains_paid_content":false,"footnotes":""},"categories":[101,2],"tags":[197,696,33,19],"class_list":["post-99585","post","type-post","status-publish","format-standard","has-post-thumbnail","hentry","category-interes-general-locales","category-locales","tag-buenos-aires","tag-interes-general","tag-locales","tag-san-pedro"],"aioseo_notices":[],"gutentor_comment":0,"jetpack_featured_media_url":"https:\/\/eldiariodesanpedro.com.ar\/sitio\/wp-content\/uploads\/2020\/06\/SM-anses-07052020.jpeg","jetpack_shortlink":"https:\/\/wp.me\/p6RhLt-pUd","jetpack_sharing_enabled":true,"_links":{"self":[{"href":"https:\/\/eldiariodesanpedro.com.ar\/sitio\/wp-json\/wp\/v2\/posts\/99585","targetHints":{"allow":["GET"]}}],"collection":[{"href":"https:\/\/eldiariodesanpedro.com.ar\/sitio\/wp-json\/wp\/v2\/posts"}],"about":[{"href":"https:\/\/eldiariodesanpedro.com.ar\/sitio\/wp-json\/wp\/v2\/types\/post"}],"author":[{"embeddable":true,"href":"https:\/\/eldiariodesanpedro.com.ar\/sitio\/wp-json\/wp\/v2\/users\/4"}],"replies":[{"embeddable":true,"href":"https:\/\/eldiariodesanpedro.com.ar\/sitio\/wp-json\/wp\/v2\/comments?post=99585"}],"version-history":[{"count":1,"href":"https:\/\/eldiariodesanpedro.com.ar\/sitio\/wp-json\/wp\/v2\/posts\/99585\/revisions"}],"predecessor-version":[{"id":99586,"href":"https:\/\/eldiariodesanpedro.com.ar\/sitio\/wp-json\/wp\/v2\/posts\/99585\/revisions\/99586"}],"wp:featuredmedia":[{"embeddable":true,"href":"https:\/\/eldiariodesanpedro.com.ar\/sitio\/wp-json\/wp\/v2\/media\/74872"}],"wp:attachment":[{"href":"https:\/\/eldiariodesanpedro.com.ar\/sitio\/wp-json\/wp\/v2\/media?parent=99585"}],"wp:term":[{"taxonomy":"category","embeddable":true,"href":"https:\/\/eldiariodesanpedro.com.ar\/sitio\/wp-json\/wp\/v2\/categories?post=99585"},{"taxonomy":"post_tag","embeddable":true,"href":"https:\/\/eldiariodesanpedro.com.ar\/sitio\/wp-json\/wp\/v2\/tags?post=99585"}],"curies":[{"name":"wp","href":"https:\/\/api.w.org\/{rel}","templated":true}]}}