{"id":99573,"date":"2021-09-25T16:33:57","date_gmt":"2021-09-25T19:33:57","guid":{"rendered":"https:\/\/eldiariodesanpedro.com.ar\/sitio\/?p=99573"},"modified":"2021-09-25T16:34:02","modified_gmt":"2021-09-25T19:34:02","slug":"este-sabado-nuevo-operativo-de-seguridad-vial-en-diferentes-puntos-de-la-ciudad","status":"publish","type":"post","link":"https:\/\/eldiariodesanpedro.com.ar\/sitio\/este-sabado-nuevo-operativo-de-seguridad-vial-en-diferentes-puntos-de-la-ciudad\/","title":{"rendered":"Este s\u00e1bado nuevo operativo de Seguridad Vial en diferentes puntos de la ciudad"},"content":{"rendered":"<!-- VideographyWP Plugin Message: Automatic video embedding prevented by plugin options. -->\n\n<p>La Direcci\u00f3n de Tr\u00e1nsito y Nocturnidad y la Secretar\u00eda de Seguridad de la Municipalidad de San Pedro informan que durante el fin de semana se reiterar\u00e1n los controles conjuntos con fuerzas de seguridad y la Agencia Nacional de Seguridad Vial.<\/p>\n\n\n\n<p>Participar\u00e1n equipos especiales convocados para tal fin que efectuar\u00e1n en diferentes puntos de la ciudad controles de alcoholemia, revisi\u00f3n de documentaci\u00f3n obligatoria para todo tipo de veh\u00edculos y el uso del casco obligatorio en motos y ciclomotores.<\/p>\n\n\n\n<p>La comunicaci\u00f3n anticipada de este operativo se efect\u00faa a los efectos de que todos los vecinos y vecinas de San Pedro tomen las precauciones correspondientes para evitar sanciones y la retenci\u00f3n de veh\u00edculos.<\/p>\n","protected":false},"excerpt":{"rendered":"<p>La Direcci\u00f3n de Tr\u00e1nsito y Nocturnidad y la Secretar\u00eda de Seguridad de la Municipalidad de San Pedro informan que durante el fin de semana se reiterar\u00e1n los controles conjuntos con fuerzas de seguridad y la Agencia Nacional de Seguridad Vial. Participar\u00e1n equipos especiales convocados para tal fin que efectuar\u00e1n en diferentes puntos de la ciudad [&hellip;]<\/p>\n","protected":false},"author":4,"featured_media":99373,"comment_status":"closed","ping_status":"closed","sticky":false,"template":"","format":"standard","meta":{"om_disable_all_campaigns":false,"_jetpack_memberships_contains_paid_content":false,"footnotes":""},"categories":[50,101,2],"tags":[197,696,33,19],"class_list":["post-99573","post","type-post","status-publish","format-standard","has-post-thumbnail","hentry","category-destacadas","category-interes-general-locales","category-locales","tag-buenos-aires","tag-interes-general","tag-locales","tag-san-pedro"],"aioseo_notices":[],"gutentor_comment":0,"jetpack_featured_media_url":"https:\/\/eldiariodesanpedro.com.ar\/sitio\/wp-content\/uploads\/2021\/09\/IMG-20210922-WA0020.jpg","jetpack_shortlink":"https:\/\/wp.me\/p6RhLt-pU1","jetpack_sharing_enabled":true,"_links":{"self":[{"href":"https:\/\/eldiariodesanpedro.com.ar\/sitio\/wp-json\/wp\/v2\/posts\/99573","targetHints":{"allow":["GET"]}}],"collection":[{"href":"https:\/\/eldiariodesanpedro.com.ar\/sitio\/wp-json\/wp\/v2\/posts"}],"about":[{"href":"https:\/\/eldiariodesanpedro.com.ar\/sitio\/wp-json\/wp\/v2\/types\/post"}],"author":[{"embeddable":true,"href":"https:\/\/eldiariodesanpedro.com.ar\/sitio\/wp-json\/wp\/v2\/users\/4"}],"replies":[{"embeddable":true,"href":"https:\/\/eldiariodesanpedro.com.ar\/sitio\/wp-json\/wp\/v2\/comments?post=99573"}],"version-history":[{"count":1,"href":"https:\/\/eldiariodesanpedro.com.ar\/sitio\/wp-json\/wp\/v2\/posts\/99573\/revisions"}],"predecessor-version":[{"id":99574,"href":"https:\/\/eldiariodesanpedro.com.ar\/sitio\/wp-json\/wp\/v2\/posts\/99573\/revisions\/99574"}],"wp:featuredmedia":[{"embeddable":true,"href":"https:\/\/eldiariodesanpedro.com.ar\/sitio\/wp-json\/wp\/v2\/media\/99373"}],"wp:attachment":[{"href":"https:\/\/eldiariodesanpedro.com.ar\/sitio\/wp-json\/wp\/v2\/media?parent=99573"}],"wp:term":[{"taxonomy":"category","embeddable":true,"href":"https:\/\/eldiariodesanpedro.com.ar\/sitio\/wp-json\/wp\/v2\/categories?post=99573"},{"taxonomy":"post_tag","embeddable":true,"href":"https:\/\/eldiariodesanpedro.com.ar\/sitio\/wp-json\/wp\/v2\/tags?post=99573"}],"curies":[{"name":"wp","href":"https:\/\/api.w.org\/{rel}","templated":true}]}}