{"id":99570,"date":"2021-09-25T16:18:28","date_gmt":"2021-09-25T19:18:28","guid":{"rendered":"https:\/\/eldiariodesanpedro.com.ar\/sitio\/?p=99570"},"modified":"2021-09-25T16:18:32","modified_gmt":"2021-09-25T19:18:32","slug":"dos-choques-entre-automoviles-y-motocicletas-este-viernes","status":"publish","type":"post","link":"https:\/\/eldiariodesanpedro.com.ar\/sitio\/dos-choques-entre-automoviles-y-motocicletas-este-viernes\/","title":{"rendered":"Dos choques entre automoviles y motocicletas este viernes"},"content":{"rendered":"<!-- VideographyWP Plugin Message: Automatic video embedding prevented by plugin options. -->\n\n<p>Como casi todos los d\u00edas ocurrieron accidentes de tr\u00e1nsito en nuestra ciudad donde los heridos son motociclistas, afortunadamente ninguno de gravedad.<\/p>\n\n\n\n<p>Este s\u00e1bado en horas del mediod\u00eda, el personal policial de la comisar\u00eda local, se hace presente en calle Rivadavia y Novillo, donde por cuestiones que se trata de establecer habr\u00eda colisionado una camioneta conducido por masculino de 28 a\u00f1os de edad, con una motocicleta 150 cc, conducida por masculino de 29 a\u00f1os de edad.<\/p>\n\n\n\n<p>Como resultado del&nbsp; impacto el conductor de la motocicleta traslado por servicio emergencias m\u00e9dicas 107, constatando posteriormente lesiones leves. Conductor autom\u00f3vil ileso.&nbsp;<\/p>\n\n\n\n<p>Luego en horas de la tarde, ocurrio otro accidente en calle Mitre y Nieto de Torres, donde por cuestiones que se trata de establecer habr\u00eda colisionado un autom\u00f3vil conducido por masculino de 22 a\u00f1os de edad, contra una motocicleta 110 cc&nbsp; conducida por masculino de 21 a\u00f1os de edad, acompa\u00f1ado por una persona de sexo femenino de 24 a\u00f1os de edad. Resultados del impacto el conductor motocicleta y acompa\u00f1ante traslados por servicio emergencias m\u00e9dica 107, constatando posteriormente lesiones leves, conductor autom\u00f3vil ileso.<\/p>\n","protected":false},"excerpt":{"rendered":"<p>Como casi todos los d\u00edas ocurrieron accidentes de tr\u00e1nsito en nuestra ciudad donde los heridos son motociclistas, afortunadamente ninguno de gravedad. Este s\u00e1bado en horas del mediod\u00eda, el personal policial de la comisar\u00eda local, se hace presente en calle Rivadavia y Novillo, donde por cuestiones que se trata de establecer habr\u00eda colisionado una camioneta conducido [&hellip;]<\/p>\n","protected":false},"author":4,"featured_media":99571,"comment_status":"closed","ping_status":"closed","sticky":false,"template":"","format":"standard","meta":{"om_disable_all_campaigns":false,"_jetpack_memberships_contains_paid_content":false,"footnotes":""},"categories":[2,103],"tags":[197,696,33,95,19],"class_list":["post-99570","post","type-post","status-publish","format-standard","has-post-thumbnail","hentry","category-locales","category-policiales-locales","tag-buenos-aires","tag-interes-general","tag-locales","tag-policiales","tag-san-pedro"],"aioseo_notices":[],"gutentor_comment":0,"jetpack_featured_media_url":"https:\/\/eldiariodesanpedro.com.ar\/sitio\/wp-content\/uploads\/2021\/09\/WhatsApp-Image-2021-09-25-at-11.41.42.jpeg","jetpack_shortlink":"https:\/\/wp.me\/p6RhLt-pTY","jetpack_sharing_enabled":true,"_links":{"self":[{"href":"https:\/\/eldiariodesanpedro.com.ar\/sitio\/wp-json\/wp\/v2\/posts\/99570","targetHints":{"allow":["GET"]}}],"collection":[{"href":"https:\/\/eldiariodesanpedro.com.ar\/sitio\/wp-json\/wp\/v2\/posts"}],"about":[{"href":"https:\/\/eldiariodesanpedro.com.ar\/sitio\/wp-json\/wp\/v2\/types\/post"}],"author":[{"embeddable":true,"href":"https:\/\/eldiariodesanpedro.com.ar\/sitio\/wp-json\/wp\/v2\/users\/4"}],"replies":[{"embeddable":true,"href":"https:\/\/eldiariodesanpedro.com.ar\/sitio\/wp-json\/wp\/v2\/comments?post=99570"}],"version-history":[{"count":1,"href":"https:\/\/eldiariodesanpedro.com.ar\/sitio\/wp-json\/wp\/v2\/posts\/99570\/revisions"}],"predecessor-version":[{"id":99572,"href":"https:\/\/eldiariodesanpedro.com.ar\/sitio\/wp-json\/wp\/v2\/posts\/99570\/revisions\/99572"}],"wp:featuredmedia":[{"embeddable":true,"href":"https:\/\/eldiariodesanpedro.com.ar\/sitio\/wp-json\/wp\/v2\/media\/99571"}],"wp:attachment":[{"href":"https:\/\/eldiariodesanpedro.com.ar\/sitio\/wp-json\/wp\/v2\/media?parent=99570"}],"wp:term":[{"taxonomy":"category","embeddable":true,"href":"https:\/\/eldiariodesanpedro.com.ar\/sitio\/wp-json\/wp\/v2\/categories?post=99570"},{"taxonomy":"post_tag","embeddable":true,"href":"https:\/\/eldiariodesanpedro.com.ar\/sitio\/wp-json\/wp\/v2\/tags?post=99570"}],"curies":[{"name":"wp","href":"https:\/\/api.w.org\/{rel}","templated":true}]}}