{"id":9957,"date":"2016-11-09T09:53:36","date_gmt":"2016-11-09T12:53:36","guid":{"rendered":"https:\/\/eldiariodesanpedro.com.ar\/sitio\/?p=9957"},"modified":"2016-11-09T09:53:36","modified_gmt":"2016-11-09T12:53:36","slug":"allanamiento-por-robo-en-san-nicolas","status":"publish","type":"post","link":"https:\/\/eldiariodesanpedro.com.ar\/sitio\/allanamiento-por-robo-en-san-nicolas\/","title":{"rendered":"Allanamiento por robo en San Nicolas"},"content":{"rendered":"<p><!-- VideographyWP Plugin Message: Automatic video embedding prevented by plugin options. --><br \/>\nSe realizo un allanamiento en el barrio San Francisco mas precisamente en calle Cabrera al 2000, el mismo se dio lugar por un robo ocurrido en la ciudad de San Antonio de Areco pero mas precisamente en la zona rural de esta localidad. <\/p>\n<p>El mismo obtuvo un resultado positivo ya que se logro secuestrar gran parte de los elemento extra\u00eddos en el il\u00edcito tales como art\u00edculos de bazar, de cocina y prendas de vestir entre otras cosas. Ademas en el lugar se secuestro una carabina calibre 22, que la se\u00f1ora mayor de edad que viv\u00eda en el lugar carec\u00eda la documentaci\u00f3n necesaria para su tenencia, la se\u00f1ora fue detenida y derivada a a la fiscalia de san Antonio de Areco. <\/p>\n","protected":false},"excerpt":{"rendered":"<p>Se realizo un allanamiento en el barrio San Francisco mas precisamente en calle Cabrera al 2000, el mismo se dio lugar por un robo ocurrido en la ciudad de San Antonio de Areco pero mas precisamente en la zona rural de esta localidad. El mismo obtuvo un resultado positivo ya que se logro secuestrar gran [&hellip;]<\/p>\n","protected":false},"author":4,"featured_media":4059,"comment_status":"open","ping_status":"closed","sticky":false,"template":"","format":"standard","meta":{"om_disable_all_campaigns":false,"_jetpack_memberships_contains_paid_content":false,"footnotes":""},"categories":[2,103],"tags":[],"class_list":["post-9957","post","type-post","status-publish","format-standard","has-post-thumbnail","hentry","category-locales","category-policiales-locales"],"aioseo_notices":[],"gutentor_comment":0,"jetpack_featured_media_url":"https:\/\/eldiariodesanpedro.com.ar\/sitio\/wp-content\/uploads\/2016\/05\/policias-requechos.jpg","jetpack_shortlink":"https:\/\/wp.me\/p6RhLt-2AB","jetpack_sharing_enabled":true,"_links":{"self":[{"href":"https:\/\/eldiariodesanpedro.com.ar\/sitio\/wp-json\/wp\/v2\/posts\/9957","targetHints":{"allow":["GET"]}}],"collection":[{"href":"https:\/\/eldiariodesanpedro.com.ar\/sitio\/wp-json\/wp\/v2\/posts"}],"about":[{"href":"https:\/\/eldiariodesanpedro.com.ar\/sitio\/wp-json\/wp\/v2\/types\/post"}],"author":[{"embeddable":true,"href":"https:\/\/eldiariodesanpedro.com.ar\/sitio\/wp-json\/wp\/v2\/users\/4"}],"replies":[{"embeddable":true,"href":"https:\/\/eldiariodesanpedro.com.ar\/sitio\/wp-json\/wp\/v2\/comments?post=9957"}],"version-history":[{"count":1,"href":"https:\/\/eldiariodesanpedro.com.ar\/sitio\/wp-json\/wp\/v2\/posts\/9957\/revisions"}],"predecessor-version":[{"id":9958,"href":"https:\/\/eldiariodesanpedro.com.ar\/sitio\/wp-json\/wp\/v2\/posts\/9957\/revisions\/9958"}],"wp:featuredmedia":[{"embeddable":true,"href":"https:\/\/eldiariodesanpedro.com.ar\/sitio\/wp-json\/wp\/v2\/media\/4059"}],"wp:attachment":[{"href":"https:\/\/eldiariodesanpedro.com.ar\/sitio\/wp-json\/wp\/v2\/media?parent=9957"}],"wp:term":[{"taxonomy":"category","embeddable":true,"href":"https:\/\/eldiariodesanpedro.com.ar\/sitio\/wp-json\/wp\/v2\/categories?post=9957"},{"taxonomy":"post_tag","embeddable":true,"href":"https:\/\/eldiariodesanpedro.com.ar\/sitio\/wp-json\/wp\/v2\/tags?post=9957"}],"curies":[{"name":"wp","href":"https:\/\/api.w.org\/{rel}","templated":true}]}}