{"id":99567,"date":"2021-09-25T16:10:15","date_gmt":"2021-09-25T19:10:15","guid":{"rendered":"https:\/\/eldiariodesanpedro.com.ar\/sitio\/?p=99567"},"modified":"2021-09-25T16:10:20","modified_gmt":"2021-09-25T19:10:20","slug":"choco-en-motocicleta-y-se-dio-a-la-fuga-dejando-el-rodado-abandonado","status":"publish","type":"post","link":"https:\/\/eldiariodesanpedro.com.ar\/sitio\/choco-en-motocicleta-y-se-dio-a-la-fuga-dejando-el-rodado-abandonado\/","title":{"rendered":"Choco en motocicleta y se dio a la fuga dejando el rodado abandonado"},"content":{"rendered":"<!-- VideographyWP Plugin Message: Automatic video embedding prevented by plugin options. -->\n\n<p>Este sabado siendo las 06 horas, el personal policial se hace presente, en calle Pav\u00f3n y Almafuerte, donde por cuestiones que se trata de establecer habr\u00eda colisionado un autom\u00f3vil\u00a0 conducido por masculino de 37 a\u00f1os de edad, con una motocicleta tipo 110 cc\u00a0 conducida por masculino quien luego del impacto se da a la fuga a pie dejando el rodado abandonado.\u00a0<\/p>\n\n\n\n<p>La moto no tiene pedido de secuestro. Interviene la fiscal\u00eda N\u00ba 05 quien dispone se proceda al secuestro rodados.<\/p>\n","protected":false},"excerpt":{"rendered":"<p>Este sabado siendo las 06 horas, el personal policial se hace presente, en calle Pav\u00f3n y Almafuerte, donde por cuestiones que se trata de establecer habr\u00eda colisionado un autom\u00f3vil\u00a0 conducido por masculino de 37 a\u00f1os de edad, con una motocicleta tipo 110 cc\u00a0 conducida por masculino quien luego del impacto se da a la fuga [&hellip;]<\/p>\n","protected":false},"author":4,"featured_media":99568,"comment_status":"closed","ping_status":"closed","sticky":false,"template":"","format":"standard","meta":{"om_disable_all_campaigns":false,"_jetpack_memberships_contains_paid_content":false,"footnotes":""},"categories":[2,103],"tags":[197,33,95,19],"class_list":["post-99567","post","type-post","status-publish","format-standard","has-post-thumbnail","hentry","category-locales","category-policiales-locales","tag-buenos-aires","tag-locales","tag-policiales","tag-san-pedro"],"aioseo_notices":[],"gutentor_comment":0,"jetpack_featured_media_url":"https:\/\/eldiariodesanpedro.com.ar\/sitio\/wp-content\/uploads\/2021\/09\/WhatsApp-Image-2021-09-25-at-11.41.21.jpeg","jetpack_shortlink":"https:\/\/wp.me\/p6RhLt-pTV","jetpack_sharing_enabled":true,"_links":{"self":[{"href":"https:\/\/eldiariodesanpedro.com.ar\/sitio\/wp-json\/wp\/v2\/posts\/99567","targetHints":{"allow":["GET"]}}],"collection":[{"href":"https:\/\/eldiariodesanpedro.com.ar\/sitio\/wp-json\/wp\/v2\/posts"}],"about":[{"href":"https:\/\/eldiariodesanpedro.com.ar\/sitio\/wp-json\/wp\/v2\/types\/post"}],"author":[{"embeddable":true,"href":"https:\/\/eldiariodesanpedro.com.ar\/sitio\/wp-json\/wp\/v2\/users\/4"}],"replies":[{"embeddable":true,"href":"https:\/\/eldiariodesanpedro.com.ar\/sitio\/wp-json\/wp\/v2\/comments?post=99567"}],"version-history":[{"count":1,"href":"https:\/\/eldiariodesanpedro.com.ar\/sitio\/wp-json\/wp\/v2\/posts\/99567\/revisions"}],"predecessor-version":[{"id":99569,"href":"https:\/\/eldiariodesanpedro.com.ar\/sitio\/wp-json\/wp\/v2\/posts\/99567\/revisions\/99569"}],"wp:featuredmedia":[{"embeddable":true,"href":"https:\/\/eldiariodesanpedro.com.ar\/sitio\/wp-json\/wp\/v2\/media\/99568"}],"wp:attachment":[{"href":"https:\/\/eldiariodesanpedro.com.ar\/sitio\/wp-json\/wp\/v2\/media?parent=99567"}],"wp:term":[{"taxonomy":"category","embeddable":true,"href":"https:\/\/eldiariodesanpedro.com.ar\/sitio\/wp-json\/wp\/v2\/categories?post=99567"},{"taxonomy":"post_tag","embeddable":true,"href":"https:\/\/eldiariodesanpedro.com.ar\/sitio\/wp-json\/wp\/v2\/tags?post=99567"}],"curies":[{"name":"wp","href":"https:\/\/api.w.org\/{rel}","templated":true}]}}