{"id":99562,"date":"2021-09-25T16:00:44","date_gmt":"2021-09-25T19:00:44","guid":{"rendered":"https:\/\/eldiariodesanpedro.com.ar\/sitio\/?p=99562"},"modified":"2021-09-25T16:00:48","modified_gmt":"2021-09-25T19:00:48","slug":"circulaba-en-la-via-publica-con-una-escopeta-y-cartuchos-intactos","status":"publish","type":"post","link":"https:\/\/eldiariodesanpedro.com.ar\/sitio\/circulaba-en-la-via-publica-con-una-escopeta-y-cartuchos-intactos\/","title":{"rendered":"Circulaba en la v\u00eda p\u00fablica con una escopeta y cartuchos intactos"},"content":{"rendered":"<!-- VideographyWP Plugin Message: Automatic video embedding prevented by plugin options. -->\n\n<p>En la tarde de ayer viernes el personal policial de nuestra ciudad se hace presente en calle San Lorenzo al 1300 sobre la v\u00eda p\u00fablica, donde procede a la aprehensi\u00f3n de un ciudadano de 50 a\u00f1os de edad y al secuestro de escopeta calibre 12 sin numeraci\u00f3n y 22 cartuchos intactos del mismo calibre.<\/p>\n","protected":false},"excerpt":{"rendered":"<p>En la tarde de ayer viernes el personal policial de nuestra ciudad se hace presente en calle San Lorenzo al 1300 sobre la v\u00eda p\u00fablica, donde procede a la aprehensi\u00f3n de un ciudadano de 50 a\u00f1os de edad y al secuestro de escopeta calibre 12 sin numeraci\u00f3n y 22 cartuchos intactos del mismo calibre.<\/p>\n","protected":false},"author":4,"featured_media":99563,"comment_status":"closed","ping_status":"closed","sticky":false,"template":"","format":"standard","meta":{"om_disable_all_campaigns":false,"_jetpack_memberships_contains_paid_content":false,"footnotes":""},"categories":[50,2,103],"tags":[197,696,33,95],"class_list":["post-99562","post","type-post","status-publish","format-standard","has-post-thumbnail","hentry","category-destacadas","category-locales","category-policiales-locales","tag-buenos-aires","tag-interes-general","tag-locales","tag-policiales"],"aioseo_notices":[],"gutentor_comment":0,"jetpack_featured_media_url":"https:\/\/eldiariodesanpedro.com.ar\/sitio\/wp-content\/uploads\/2021\/09\/WhatsApp-Image-2021-09-25-at-11.08.52.jpeg","jetpack_shortlink":"https:\/\/wp.me\/p6RhLt-pTQ","jetpack_sharing_enabled":true,"_links":{"self":[{"href":"https:\/\/eldiariodesanpedro.com.ar\/sitio\/wp-json\/wp\/v2\/posts\/99562","targetHints":{"allow":["GET"]}}],"collection":[{"href":"https:\/\/eldiariodesanpedro.com.ar\/sitio\/wp-json\/wp\/v2\/posts"}],"about":[{"href":"https:\/\/eldiariodesanpedro.com.ar\/sitio\/wp-json\/wp\/v2\/types\/post"}],"author":[{"embeddable":true,"href":"https:\/\/eldiariodesanpedro.com.ar\/sitio\/wp-json\/wp\/v2\/users\/4"}],"replies":[{"embeddable":true,"href":"https:\/\/eldiariodesanpedro.com.ar\/sitio\/wp-json\/wp\/v2\/comments?post=99562"}],"version-history":[{"count":1,"href":"https:\/\/eldiariodesanpedro.com.ar\/sitio\/wp-json\/wp\/v2\/posts\/99562\/revisions"}],"predecessor-version":[{"id":99564,"href":"https:\/\/eldiariodesanpedro.com.ar\/sitio\/wp-json\/wp\/v2\/posts\/99562\/revisions\/99564"}],"wp:featuredmedia":[{"embeddable":true,"href":"https:\/\/eldiariodesanpedro.com.ar\/sitio\/wp-json\/wp\/v2\/media\/99563"}],"wp:attachment":[{"href":"https:\/\/eldiariodesanpedro.com.ar\/sitio\/wp-json\/wp\/v2\/media?parent=99562"}],"wp:term":[{"taxonomy":"category","embeddable":true,"href":"https:\/\/eldiariodesanpedro.com.ar\/sitio\/wp-json\/wp\/v2\/categories?post=99562"},{"taxonomy":"post_tag","embeddable":true,"href":"https:\/\/eldiariodesanpedro.com.ar\/sitio\/wp-json\/wp\/v2\/tags?post=99562"}],"curies":[{"name":"wp","href":"https:\/\/api.w.org\/{rel}","templated":true}]}}