{"id":99559,"date":"2021-09-25T15:56:28","date_gmt":"2021-09-25T18:56:28","guid":{"rendered":"https:\/\/eldiariodesanpedro.com.ar\/sitio\/?p=99559"},"modified":"2021-09-25T15:56:32","modified_gmt":"2021-09-25T18:56:32","slug":"trasladan-al-detenido-tucumano-de-la-semana-por-un-hecho-de-privacion-ilegitima-de-la-libertad","status":"publish","type":"post","link":"https:\/\/eldiariodesanpedro.com.ar\/sitio\/trasladan-al-detenido-tucumano-de-la-semana-por-un-hecho-de-privacion-ilegitima-de-la-libertad\/","title":{"rendered":"Trasladan al detenido tucumano de la semana por un hecho de privaci\u00f3n ileg\u00edtima de la libertad"},"content":{"rendered":"<!-- VideographyWP Plugin Message: Automatic video embedding prevented by plugin options. -->\n\n<p>En relaci\u00f3n al detenido de 37 a\u00f1os que se encontraba alojado desde el s\u00e1bado pasado tras ser capturado por la polic\u00eda de la comisar\u00eda local por registrar captura y detenci\u00f3n a requerimiento de la justicia de la provincia de Tucum\u00e1n, el mismo fue extraditado en la noche de ayer&nbsp; cuando personal policial de delitos complejos se present\u00f3 en la comisar\u00eda local y procedi\u00f3 a su l tratado a la provincia de Tucum\u00e1n d\u00f3nde ser\u00e1 alojado en la unidad penal de villa Urquiza de esa provincia, dando cumplimiento a orden de exhorto y extradici\u00f3n del juzgado de garant\u00eda de San Nicol\u00e1s.&nbsp;<\/p>\n\n\n\n<p>Los delitos por los cuales pesaba captura eran privaci\u00f3n ilegal de la libertad y lesiones.&nbsp;<\/p>\n\n\n\n<p>Fue detenido en la ma\u00f1ana del s\u00e1bado pasado en la ruta nacional 9 cuando se dispon\u00eda a instalarse en la ciudad para realizar trabajo rural de temporada.<\/p>\n","protected":false},"excerpt":{"rendered":"<p>En relaci\u00f3n al detenido de 37 a\u00f1os que se encontraba alojado desde el s\u00e1bado pasado tras ser capturado por la polic\u00eda de la comisar\u00eda local por registrar captura y detenci\u00f3n a requerimiento de la justicia de la provincia de Tucum\u00e1n, el mismo fue extraditado en la noche de ayer&nbsp; cuando personal policial de delitos complejos [&hellip;]<\/p>\n","protected":false},"author":4,"featured_media":99560,"comment_status":"closed","ping_status":"closed","sticky":false,"template":"","format":"standard","meta":{"om_disable_all_campaigns":false,"_jetpack_memberships_contains_paid_content":false,"footnotes":""},"categories":[2],"tags":[197,696,33,19],"class_list":["post-99559","post","type-post","status-publish","format-standard","has-post-thumbnail","hentry","category-locales","tag-buenos-aires","tag-interes-general","tag-locales","tag-san-pedro"],"aioseo_notices":[],"gutentor_comment":0,"jetpack_featured_media_url":"https:\/\/eldiariodesanpedro.com.ar\/sitio\/wp-content\/uploads\/2021\/09\/WhatsApp-Image-2021-09-25-at-11.09.48.jpeg","jetpack_shortlink":"https:\/\/wp.me\/p6RhLt-pTN","jetpack_sharing_enabled":true,"_links":{"self":[{"href":"https:\/\/eldiariodesanpedro.com.ar\/sitio\/wp-json\/wp\/v2\/posts\/99559","targetHints":{"allow":["GET"]}}],"collection":[{"href":"https:\/\/eldiariodesanpedro.com.ar\/sitio\/wp-json\/wp\/v2\/posts"}],"about":[{"href":"https:\/\/eldiariodesanpedro.com.ar\/sitio\/wp-json\/wp\/v2\/types\/post"}],"author":[{"embeddable":true,"href":"https:\/\/eldiariodesanpedro.com.ar\/sitio\/wp-json\/wp\/v2\/users\/4"}],"replies":[{"embeddable":true,"href":"https:\/\/eldiariodesanpedro.com.ar\/sitio\/wp-json\/wp\/v2\/comments?post=99559"}],"version-history":[{"count":1,"href":"https:\/\/eldiariodesanpedro.com.ar\/sitio\/wp-json\/wp\/v2\/posts\/99559\/revisions"}],"predecessor-version":[{"id":99561,"href":"https:\/\/eldiariodesanpedro.com.ar\/sitio\/wp-json\/wp\/v2\/posts\/99559\/revisions\/99561"}],"wp:featuredmedia":[{"embeddable":true,"href":"https:\/\/eldiariodesanpedro.com.ar\/sitio\/wp-json\/wp\/v2\/media\/99560"}],"wp:attachment":[{"href":"https:\/\/eldiariodesanpedro.com.ar\/sitio\/wp-json\/wp\/v2\/media?parent=99559"}],"wp:term":[{"taxonomy":"category","embeddable":true,"href":"https:\/\/eldiariodesanpedro.com.ar\/sitio\/wp-json\/wp\/v2\/categories?post=99559"},{"taxonomy":"post_tag","embeddable":true,"href":"https:\/\/eldiariodesanpedro.com.ar\/sitio\/wp-json\/wp\/v2\/tags?post=99559"}],"curies":[{"name":"wp","href":"https:\/\/api.w.org\/{rel}","templated":true}]}}