{"id":99556,"date":"2021-09-25T15:50:06","date_gmt":"2021-09-25T18:50:06","guid":{"rendered":"https:\/\/eldiariodesanpedro.com.ar\/sitio\/?p=99556"},"modified":"2021-09-25T15:50:11","modified_gmt":"2021-09-25T18:50:11","slug":"detienen-a-motochorro-que-fue-condenado-a-cinco-meses-de-prision","status":"publish","type":"post","link":"https:\/\/eldiariodesanpedro.com.ar\/sitio\/detienen-a-motochorro-que-fue-condenado-a-cinco-meses-de-prision\/","title":{"rendered":"Detienen a motochorro que fue condenado a cinco meses de prisi\u00f3n"},"content":{"rendered":"<!-- VideographyWP Plugin Message: Automatic video embedding prevented by plugin options. -->\n\n<p>En la tarde de ayer el personal dela&nbsp; polic\u00eda de la comisar\u00eda de nuestra ciudad procedi\u00f3 a la detenci\u00f3n en la v\u00eda p\u00fablica de un delincuente de 31 a\u00f1os de edad, sobre quien registra orden de detenci\u00f3n y captura en una causa&nbsp; robo en San Pedro cuando cometiera hecho modalidad motochorro en septiembre de 2018 a una mujer y fuera detenido por la polic\u00eda oportunamente.&nbsp;<\/p>\n\n\n\n<p>Ahora fue condenado a cinco meses de prisi\u00f3n por disposici\u00f3n del Juzgado de Ejecuci\u00f3n Penal Dptal. por lo que ahora permanece en sede policial hasta su pronto traslado a unidad carcelaria de San Nicol\u00e1s o Jun\u00edn donde cumplir\u00e1 la condena.<\/p>\n","protected":false},"excerpt":{"rendered":"<p>En la tarde de ayer el personal dela&nbsp; polic\u00eda de la comisar\u00eda de nuestra ciudad procedi\u00f3 a la detenci\u00f3n en la v\u00eda p\u00fablica de un delincuente de 31 a\u00f1os de edad, sobre quien registra orden de detenci\u00f3n y captura en una causa&nbsp; robo en San Pedro cuando cometiera hecho modalidad motochorro en septiembre de 2018 [&hellip;]<\/p>\n","protected":false},"author":4,"featured_media":99557,"comment_status":"closed","ping_status":"closed","sticky":false,"template":"","format":"standard","meta":{"om_disable_all_campaigns":false,"_jetpack_memberships_contains_paid_content":false,"footnotes":""},"categories":[50,101,2],"tags":[197,696,33,19],"class_list":["post-99556","post","type-post","status-publish","format-standard","has-post-thumbnail","hentry","category-destacadas","category-interes-general-locales","category-locales","tag-buenos-aires","tag-interes-general","tag-locales","tag-san-pedro"],"aioseo_notices":[],"gutentor_comment":0,"jetpack_featured_media_url":"https:\/\/eldiariodesanpedro.com.ar\/sitio\/wp-content\/uploads\/2021\/09\/WhatsApp-Image-2021-09-25-at-11.08.21.jpeg","jetpack_shortlink":"https:\/\/wp.me\/p6RhLt-pTK","jetpack_sharing_enabled":true,"_links":{"self":[{"href":"https:\/\/eldiariodesanpedro.com.ar\/sitio\/wp-json\/wp\/v2\/posts\/99556","targetHints":{"allow":["GET"]}}],"collection":[{"href":"https:\/\/eldiariodesanpedro.com.ar\/sitio\/wp-json\/wp\/v2\/posts"}],"about":[{"href":"https:\/\/eldiariodesanpedro.com.ar\/sitio\/wp-json\/wp\/v2\/types\/post"}],"author":[{"embeddable":true,"href":"https:\/\/eldiariodesanpedro.com.ar\/sitio\/wp-json\/wp\/v2\/users\/4"}],"replies":[{"embeddable":true,"href":"https:\/\/eldiariodesanpedro.com.ar\/sitio\/wp-json\/wp\/v2\/comments?post=99556"}],"version-history":[{"count":1,"href":"https:\/\/eldiariodesanpedro.com.ar\/sitio\/wp-json\/wp\/v2\/posts\/99556\/revisions"}],"predecessor-version":[{"id":99558,"href":"https:\/\/eldiariodesanpedro.com.ar\/sitio\/wp-json\/wp\/v2\/posts\/99556\/revisions\/99558"}],"wp:featuredmedia":[{"embeddable":true,"href":"https:\/\/eldiariodesanpedro.com.ar\/sitio\/wp-json\/wp\/v2\/media\/99557"}],"wp:attachment":[{"href":"https:\/\/eldiariodesanpedro.com.ar\/sitio\/wp-json\/wp\/v2\/media?parent=99556"}],"wp:term":[{"taxonomy":"category","embeddable":true,"href":"https:\/\/eldiariodesanpedro.com.ar\/sitio\/wp-json\/wp\/v2\/categories?post=99556"},{"taxonomy":"post_tag","embeddable":true,"href":"https:\/\/eldiariodesanpedro.com.ar\/sitio\/wp-json\/wp\/v2\/tags?post=99556"}],"curies":[{"name":"wp","href":"https:\/\/api.w.org\/{rel}","templated":true}]}}