{"id":99542,"date":"2021-09-24T18:56:44","date_gmt":"2021-09-24T21:56:44","guid":{"rendered":"https:\/\/eldiariodesanpedro.com.ar\/sitio\/?p=99542"},"modified":"2021-09-24T18:56:48","modified_gmt":"2021-09-24T21:56:48","slug":"la-municipalidad-el-hcd-y-el-ccit-rechazaron-las-acciones-sindicales-coercitivas-y-pidieron-una-intervencion-neutral-del-ministerio-de-trabajo","status":"publish","type":"post","link":"https:\/\/eldiariodesanpedro.com.ar\/sitio\/la-municipalidad-el-hcd-y-el-ccit-rechazaron-las-acciones-sindicales-coercitivas-y-pidieron-una-intervencion-neutral-del-ministerio-de-trabajo\/","title":{"rendered":"La Municipalidad, el HCD y el CCIT rechazaron las acciones sindicales coercitivas y pidieron una intervenci\u00f3n neutral del Ministerio de Trabajo"},"content":{"rendered":"<!-- VideographyWP Plugin Message: Automatic video embedding prevented by plugin options. -->\n\n<p>El Centro de Comercio Industria y Turismo de San Pedro informa que como resultado de la reuni\u00f3n compartida este lunes 20 de septiembre en el auditorio de la entidad, junto a representantes de la Municipalidad de San Pedro, el Honorable Concejo Deliberante, empresarios, e integrantes de la comisi\u00f3n directiva, &nbsp;se ha resuelto poner a conocimiento de la sociedad el un\u00e1nime rechazo a todas las acciones de amedrentamiento, que sufren las empresas locales, a trav\u00e9s de mecanismos alejados de los procedimientos correspondientes que ejercen el sindicato de camioneros y\/ o entidades similares.<\/p>\n\n\n\n<p>Ante la situaci\u00f3n de p\u00fablico conocimiento que enfrenta la distribuidora alimenticia de la familia Rey, sus antecedentes y los evidentes excesos cometidos en los \u00faltimos tiempos, los participantes debatieron el tema y acordaron realizar un pedido de reconsideraci\u00f3n sobre los procedimientos a la delegaci\u00f3n local del Ministerio de Trabajo a quien invitar\u00e1n a debatir el tema en los pr\u00f3ximos d\u00edas, &nbsp;para que ante situaciones de este tipo, intervenga de manera efectiva y neutral, considerando adecuadamente tanto los derechos de los trabajadores representados por los sindicatos, como el impacto que la violencia de sus representantes, puede ejercer en la continuidad de empresas que generan empleo, &nbsp;y en quienes reconsideran cualquier tipo de inversi\u00f3n, ante el desamparo que se percibe en estos episodios.<\/p>\n\n\n\n<p>Las autoridades del CCIT encabezadas por su presidente Ra\u00fal Cheyllada, la Municipalidad, representada por su Secretario de Desarrollo Econ\u00f3mico Alfredo Carrasco y el HCD representado por su presidenta M\u00f3nica Otero, coincidieron con los m\u00e1s de 20 participantes del encuentro rechazar cualquier tipo de exigencia adicional que pretendan los sindicatos, m\u00e1s all\u00e1 de lo que establecen las leyes vigentes. En ese contexto, se reitera, que la autoridades laborales deben velar por el cumplimiento de todas las normas y sancionar de manera contundente a quienes primero recurran a cuestionables herramientas de presi\u00f3n.<\/p>\n\n\n\n<p>El Centro de Comercio agradece la respuesta recibida ante esta convocatoria con el compromiso de acompa\u00f1ar y escuchar a nuestra comunidad y a todos los sectores que forman parte de estas situaciones, que en los tiempos dif\u00edciles que vive nuestra sociedad, es imprescindible que tanto los empresarios, como los trabajadores, cuenten con el respaldo que merecen dentro de un marco de responsabilidad, respeto y legalidad. Asimismo, la entidad, a trav\u00e9s de su comisi\u00f3n directiva siempre se encuentra a disposici\u00f3n de la comunidad y representantes de los distintos sectores, ante cualquier problem\u00e1tica o inquietud que deseen plantear o transmitir en forma personalizada.<\/p>\n","protected":false},"excerpt":{"rendered":"<p>El Centro de Comercio Industria y Turismo de San Pedro informa que como resultado de la reuni\u00f3n compartida este lunes 20 de septiembre en el auditorio de la entidad, junto a representantes de la Municipalidad de San Pedro, el Honorable Concejo Deliberante, empresarios, e integrantes de la comisi\u00f3n directiva, &nbsp;se ha resuelto poner a conocimiento [&hellip;]<\/p>\n","protected":false},"author":4,"featured_media":99543,"comment_status":"closed","ping_status":"closed","sticky":false,"template":"","format":"standard","meta":{"om_disable_all_campaigns":false,"_jetpack_memberships_contains_paid_content":false,"footnotes":""},"categories":[2],"tags":[197,696,33,19],"class_list":["post-99542","post","type-post","status-publish","format-standard","has-post-thumbnail","hentry","category-locales","tag-buenos-aires","tag-interes-general","tag-locales","tag-san-pedro"],"aioseo_notices":[],"gutentor_comment":0,"jetpack_featured_media_url":"https:\/\/eldiariodesanpedro.com.ar\/sitio\/wp-content\/uploads\/2021\/09\/WhatsApp-Image-2021-02-22-at-12.44.12.jpeg","jetpack_shortlink":"https:\/\/wp.me\/p6RhLt-pTw","jetpack_sharing_enabled":true,"_links":{"self":[{"href":"https:\/\/eldiariodesanpedro.com.ar\/sitio\/wp-json\/wp\/v2\/posts\/99542","targetHints":{"allow":["GET"]}}],"collection":[{"href":"https:\/\/eldiariodesanpedro.com.ar\/sitio\/wp-json\/wp\/v2\/posts"}],"about":[{"href":"https:\/\/eldiariodesanpedro.com.ar\/sitio\/wp-json\/wp\/v2\/types\/post"}],"author":[{"embeddable":true,"href":"https:\/\/eldiariodesanpedro.com.ar\/sitio\/wp-json\/wp\/v2\/users\/4"}],"replies":[{"embeddable":true,"href":"https:\/\/eldiariodesanpedro.com.ar\/sitio\/wp-json\/wp\/v2\/comments?post=99542"}],"version-history":[{"count":1,"href":"https:\/\/eldiariodesanpedro.com.ar\/sitio\/wp-json\/wp\/v2\/posts\/99542\/revisions"}],"predecessor-version":[{"id":99544,"href":"https:\/\/eldiariodesanpedro.com.ar\/sitio\/wp-json\/wp\/v2\/posts\/99542\/revisions\/99544"}],"wp:featuredmedia":[{"embeddable":true,"href":"https:\/\/eldiariodesanpedro.com.ar\/sitio\/wp-json\/wp\/v2\/media\/99543"}],"wp:attachment":[{"href":"https:\/\/eldiariodesanpedro.com.ar\/sitio\/wp-json\/wp\/v2\/media?parent=99542"}],"wp:term":[{"taxonomy":"category","embeddable":true,"href":"https:\/\/eldiariodesanpedro.com.ar\/sitio\/wp-json\/wp\/v2\/categories?post=99542"},{"taxonomy":"post_tag","embeddable":true,"href":"https:\/\/eldiariodesanpedro.com.ar\/sitio\/wp-json\/wp\/v2\/tags?post=99542"}],"curies":[{"name":"wp","href":"https:\/\/api.w.org\/{rel}","templated":true}]}}