{"id":9954,"date":"2016-11-09T08:38:07","date_gmt":"2016-11-09T11:38:07","guid":{"rendered":"https:\/\/eldiariodesanpedro.com.ar\/sitio\/?p=9954"},"modified":"2016-11-09T08:38:07","modified_gmt":"2016-11-09T11:38:07","slug":"alerta-meteorologica-en-la-zona-norte-de-la-provincia","status":"publish","type":"post","link":"https:\/\/eldiariodesanpedro.com.ar\/sitio\/alerta-meteorologica-en-la-zona-norte-de-la-provincia\/","title":{"rendered":"Alerta meteorolog\u00edca en la zona norte de la provincia"},"content":{"rendered":"<p><!-- VideographyWP Plugin Message: Automatic video embedding prevented by plugin options. --><br \/>\nA partir de las 6 de la ma\u00f1ana rige una alerta meteorolog\u00edca para la zona de San Pedro.<br \/>\nEl parte del Servicio Meteorol\u00f3gico Nacional dice lo siguente:<\/p>\n<p>SE ESPERA QUE EL AREA DE COBERTURA SEA AFECTADA POR AREAS DE LLUVIAS Y TORMENTAS ALGUNAS LOCALMENTE INTENSAS, CON ABUNDANTE CAIDA DE AGUA, RAFAGAS Y OCASIONAL CAIDA DE GRANIZO. <\/p>\n<p>LAS CONDICIONES MEJORARAN DE OESTE A ESTE DURANTE EL TRANSCURSO DEL DIA DE HOY.<\/p>\n<p>SE DETERMINA EL CESE DEL ALERTA PARA EL SUDOESTE DE L A PROVINCIA DE BUENOS AIRES, SUDOESTE Y CENTRO DE CORDOBA Y EL NORESTE DE LA PAMPA.<\/p>\n<p>Zona de cobertura: SUDESTE, CENTRO Y NORTE DE LA PROVINCIA DE BUENOS AIRES. SUDESTE DE CORDOBA. SUR DE ENTRE RIOS. SUR DE SANTA FE. CIUDAD AUTONOMA DE BUENOS AIRES, RIO DE LA PLATA.<\/p>\n<p>Este aviso se actualizara a las 12 del mediod\u00eda.  <\/p>\n","protected":false},"excerpt":{"rendered":"<p>A partir de las 6 de la ma\u00f1ana rige una alerta meteorolog\u00edca para la zona de San Pedro. El parte del Servicio Meteorol\u00f3gico Nacional dice lo siguente: SE ESPERA QUE EL AREA DE COBERTURA SEA AFECTADA POR AREAS DE LLUVIAS Y TORMENTAS ALGUNAS LOCALMENTE INTENSAS, CON ABUNDANTE CAIDA DE AGUA, RAFAGAS Y OCASIONAL CAIDA DE [&hellip;]<\/p>\n","protected":false},"author":4,"featured_media":9233,"comment_status":"open","ping_status":"closed","sticky":false,"template":"","format":"standard","meta":{"om_disable_all_campaigns":false,"_jetpack_memberships_contains_paid_content":false,"footnotes":""},"categories":[101,2],"tags":[],"class_list":["post-9954","post","type-post","status-publish","format-standard","has-post-thumbnail","hentry","category-interes-general-locales","category-locales"],"aioseo_notices":[],"gutentor_comment":0,"jetpack_featured_media_url":"https:\/\/eldiariodesanpedro.com.ar\/sitio\/wp-content\/uploads\/2016\/10\/radar.jpg","jetpack_shortlink":"https:\/\/wp.me\/p6RhLt-2Ay","jetpack_sharing_enabled":true,"_links":{"self":[{"href":"https:\/\/eldiariodesanpedro.com.ar\/sitio\/wp-json\/wp\/v2\/posts\/9954","targetHints":{"allow":["GET"]}}],"collection":[{"href":"https:\/\/eldiariodesanpedro.com.ar\/sitio\/wp-json\/wp\/v2\/posts"}],"about":[{"href":"https:\/\/eldiariodesanpedro.com.ar\/sitio\/wp-json\/wp\/v2\/types\/post"}],"author":[{"embeddable":true,"href":"https:\/\/eldiariodesanpedro.com.ar\/sitio\/wp-json\/wp\/v2\/users\/4"}],"replies":[{"embeddable":true,"href":"https:\/\/eldiariodesanpedro.com.ar\/sitio\/wp-json\/wp\/v2\/comments?post=9954"}],"version-history":[{"count":1,"href":"https:\/\/eldiariodesanpedro.com.ar\/sitio\/wp-json\/wp\/v2\/posts\/9954\/revisions"}],"predecessor-version":[{"id":9955,"href":"https:\/\/eldiariodesanpedro.com.ar\/sitio\/wp-json\/wp\/v2\/posts\/9954\/revisions\/9955"}],"wp:featuredmedia":[{"embeddable":true,"href":"https:\/\/eldiariodesanpedro.com.ar\/sitio\/wp-json\/wp\/v2\/media\/9233"}],"wp:attachment":[{"href":"https:\/\/eldiariodesanpedro.com.ar\/sitio\/wp-json\/wp\/v2\/media?parent=9954"}],"wp:term":[{"taxonomy":"category","embeddable":true,"href":"https:\/\/eldiariodesanpedro.com.ar\/sitio\/wp-json\/wp\/v2\/categories?post=9954"},{"taxonomy":"post_tag","embeddable":true,"href":"https:\/\/eldiariodesanpedro.com.ar\/sitio\/wp-json\/wp\/v2\/tags?post=9954"}],"curies":[{"name":"wp","href":"https:\/\/api.w.org\/{rel}","templated":true}]}}