{"id":99535,"date":"2021-09-24T18:44:52","date_gmt":"2021-09-24T21:44:52","guid":{"rendered":"https:\/\/eldiariodesanpedro.com.ar\/sitio\/?p=99535"},"modified":"2021-09-24T18:46:35","modified_gmt":"2021-09-24T21:46:35","slug":"la-subsecretaria-de-politicas-de-genero-mujeres-y-diversidad-invita-a-charlas-sobre-grupos-de-ayuda-para-casos-de-violencia-de-genero","status":"publish","type":"post","link":"https:\/\/eldiariodesanpedro.com.ar\/sitio\/la-subsecretaria-de-politicas-de-genero-mujeres-y-diversidad-invita-a-charlas-sobre-grupos-de-ayuda-para-casos-de-violencia-de-genero\/","title":{"rendered":"La Subsecretar\u00eda de Pol\u00edticas de Genero Mujeres y Diversidad invita a charlas sobre grupos de ayuda para casos de violencia de g\u00e9nero"},"content":{"rendered":"<!-- VideographyWP Plugin Message: Automatic video embedding prevented by plugin options. -->\n\n<p>La Subsecretar\u00eda de Pol\u00edticas de G\u00e9nero, Mujeres y Diversidad organiza encuentros en las localidades sobre la implementaci\u00f3n de nuevos abordajes para las violencias por razones de g\u00e9nero.<\/p>\n\n\n\n<p>Se compartir\u00e1n detalles sobre los dispositivos: Grupos para varones que ejercen violencia por razones de g\u00e9nero, y grupos de ayuda mutua para mujeres y diversidades sexuales v\u00edctimas de violencia por razones de g\u00e9nero.<\/p>\n\n\n\n<p>Las pr\u00f3ximas charlas organizadas son:<\/p>\n\n\n\n<p>1\/10 10:30 hs. &#8211; Biblioteca de R\u00edo Tala<br>2\/10 15:30 hs. &#8211; Centro de Salud de Vuelta de Obligado<br>4\/10 11:00 hs. &#8211; Biblioteca de Santa Luc\u00eda<br>4\/10 13:00 hs. &#8211; Sportivo de Doyle<br>5\/10 10:30 hs. &#8211; Sede Envi\u00f3n de Gobernador Castro<\/p>\n\n\n\n<p>M\u00e1s informaci\u00f3n en nuestras redes sociales<br>Subsecretar\u00eda de Pol\u00edticas de G\u00e9nero, Mujeres y Diversidad de San Pedro<br>Municipalidad de San Pedro<\/p>\n\n\n\n<figure class=\"wp-block-image size-full\"><img decoding=\"async\" width=\"940\" height=\"788\" data-attachment-id=\"99538\" data-permalink=\"https:\/\/eldiariodesanpedro.com.ar\/sitio\/la-subsecretaria-de-politicas-de-genero-mujeres-y-diversidad-invita-a-charlas-sobre-grupos-de-ayuda-para-casos-de-violencia-de-genero\/whatsapp-image-2021-09-24-at-13-48-10\/\" data-orig-file=\"https:\/\/eldiariodesanpedro.com.ar\/sitio\/wp-content\/uploads\/2021\/09\/WhatsApp-Image-2021-09-24-at-13.48.10.jpeg\" data-orig-size=\"940,788\" data-comments-opened=\"0\" data-image-meta=\"{&quot;aperture&quot;:&quot;0&quot;,&quot;credit&quot;:&quot;&quot;,&quot;camera&quot;:&quot;&quot;,&quot;caption&quot;:&quot;&quot;,&quot;created_timestamp&quot;:&quot;0&quot;,&quot;copyright&quot;:&quot;&quot;,&quot;focal_length&quot;:&quot;0&quot;,&quot;iso&quot;:&quot;0&quot;,&quot;shutter_speed&quot;:&quot;0&quot;,&quot;title&quot;:&quot;&quot;,&quot;orientation&quot;:&quot;0&quot;}\" data-image-title=\"WhatsApp-Image-2021-09-24-at-13.48.10\" data-image-description=\"\" data-image-caption=\"\" data-large-file=\"https:\/\/eldiariodesanpedro.com.ar\/sitio\/wp-content\/uploads\/2021\/09\/WhatsApp-Image-2021-09-24-at-13.48.10.jpeg\" data-src=\"https:\/\/eldiariodesanpedro.com.ar\/sitio\/wp-content\/uploads\/2021\/09\/WhatsApp-Image-2021-09-24-at-13.48.10.jpeg\" alt=\"\" class=\"wp-image-99538 lazyload\" data-srcset=\"https:\/\/eldiariodesanpedro.com.ar\/sitio\/wp-content\/uploads\/2021\/09\/WhatsApp-Image-2021-09-24-at-13.48.10.jpeg 940w, https:\/\/eldiariodesanpedro.com.ar\/sitio\/wp-content\/uploads\/2021\/09\/WhatsApp-Image-2021-09-24-at-13.48.10-300x251.jpeg 300w, https:\/\/eldiariodesanpedro.com.ar\/sitio\/wp-content\/uploads\/2021\/09\/WhatsApp-Image-2021-09-24-at-13.48.10-768x644.jpeg 768w\" data-sizes=\"(max-width: 940px) 100vw, 940px\" src=\"data:image\/svg+xml;base64,PHN2ZyB3aWR0aD0iMSIgaGVpZ2h0PSIxIiB4bWxucz0iaHR0cDovL3d3dy53My5vcmcvMjAwMC9zdmciPjwvc3ZnPg==\" style=\"--smush-placeholder-width: 940px; --smush-placeholder-aspect-ratio: 940\/788;\" \/><\/figure>\n","protected":false},"excerpt":{"rendered":"<p>La Subsecretar\u00eda de Pol\u00edticas de G\u00e9nero, Mujeres y Diversidad organiza encuentros en las localidades sobre la implementaci\u00f3n de nuevos abordajes para las violencias por razones de g\u00e9nero. Se compartir\u00e1n detalles sobre los dispositivos: Grupos para varones que ejercen violencia por razones de g\u00e9nero, y grupos de ayuda mutua para mujeres y diversidades sexuales v\u00edctimas de [&hellip;]<\/p>\n","protected":false},"author":4,"featured_media":99536,"comment_status":"closed","ping_status":"closed","sticky":false,"template":"","format":"standard","meta":{"om_disable_all_campaigns":false,"_jetpack_memberships_contains_paid_content":false,"footnotes":""},"categories":[101,2],"tags":[197,696,33,19],"class_list":["post-99535","post","type-post","status-publish","format-standard","has-post-thumbnail","hentry","category-interes-general-locales","category-locales","tag-buenos-aires","tag-interes-general","tag-locales","tag-san-pedro"],"aioseo_notices":[],"gutentor_comment":0,"jetpack_featured_media_url":"https:\/\/eldiariodesanpedro.com.ar\/sitio\/wp-content\/uploads\/2021\/09\/violencia-de-genero.png","jetpack_shortlink":"https:\/\/wp.me\/p6RhLt-pTp","jetpack_sharing_enabled":true,"_links":{"self":[{"href":"https:\/\/eldiariodesanpedro.com.ar\/sitio\/wp-json\/wp\/v2\/posts\/99535","targetHints":{"allow":["GET"]}}],"collection":[{"href":"https:\/\/eldiariodesanpedro.com.ar\/sitio\/wp-json\/wp\/v2\/posts"}],"about":[{"href":"https:\/\/eldiariodesanpedro.com.ar\/sitio\/wp-json\/wp\/v2\/types\/post"}],"author":[{"embeddable":true,"href":"https:\/\/eldiariodesanpedro.com.ar\/sitio\/wp-json\/wp\/v2\/users\/4"}],"replies":[{"embeddable":true,"href":"https:\/\/eldiariodesanpedro.com.ar\/sitio\/wp-json\/wp\/v2\/comments?post=99535"}],"version-history":[{"count":2,"href":"https:\/\/eldiariodesanpedro.com.ar\/sitio\/wp-json\/wp\/v2\/posts\/99535\/revisions"}],"predecessor-version":[{"id":99539,"href":"https:\/\/eldiariodesanpedro.com.ar\/sitio\/wp-json\/wp\/v2\/posts\/99535\/revisions\/99539"}],"wp:featuredmedia":[{"embeddable":true,"href":"https:\/\/eldiariodesanpedro.com.ar\/sitio\/wp-json\/wp\/v2\/media\/99536"}],"wp:attachment":[{"href":"https:\/\/eldiariodesanpedro.com.ar\/sitio\/wp-json\/wp\/v2\/media?parent=99535"}],"wp:term":[{"taxonomy":"category","embeddable":true,"href":"https:\/\/eldiariodesanpedro.com.ar\/sitio\/wp-json\/wp\/v2\/categories?post=99535"},{"taxonomy":"post_tag","embeddable":true,"href":"https:\/\/eldiariodesanpedro.com.ar\/sitio\/wp-json\/wp\/v2\/tags?post=99535"}],"curies":[{"name":"wp","href":"https:\/\/api.w.org\/{rel}","templated":true}]}}