{"id":99531,"date":"2021-09-24T18:39:41","date_gmt":"2021-09-24T21:39:41","guid":{"rendered":"https:\/\/eldiariodesanpedro.com.ar\/sitio\/?p=99531"},"modified":"2021-09-24T18:39:45","modified_gmt":"2021-09-24T21:39:45","slug":"se-abre-la-licitacion-para-la-construccion-de-84-viviendas-2","status":"publish","type":"post","link":"https:\/\/eldiariodesanpedro.com.ar\/sitio\/se-abre-la-licitacion-para-la-construccion-de-84-viviendas-2\/","title":{"rendered":"Se abre la licitaci\u00f3n para la construcci\u00f3n de 84 viviendas"},"content":{"rendered":"<!-- VideographyWP Plugin Message: Automatic video embedding prevented by plugin options. -->\n\n<p>El Intendente Cecilio Salazar encabez\u00f3 esta ma\u00f1ana una conferencia de prensa junto al Secretario de Coordinaci\u00f3n Ram\u00f3n Salazar, al Secretario de Gobierno Pablo Vlaeminck y al Secretario de Obras P\u00fablicas Javier Silva anunciando el llamado a licitaci\u00f3n para la construcci\u00f3n de 84 viviendas que se construir\u00e1n en la zona de Villa Depietri a trav\u00e9s de un programa del Ministerio de Desarrollo Territorial y H\u00e1bitat de la Naci\u00f3n Argentina.<\/p>\n\n\n\n<p>En un encuentro con la prensa en el que adem\u00e1s se repasaron diversas obras en ejecuci\u00f3n o a punto de comenzar en breve, anticip\u00f3 que ya recibi\u00f3 el adelanto financiero, y que en las pr\u00f3ximas semanas se realizar\u00e1 la adjudicaci\u00f3n.<\/p>\n\n\n\n<p>El Intendente record\u00f3 que las gestiones para este plan comenzaron hace varios a\u00f1os y que personalmente se encarg\u00f3 de hacerle el seguimiento para poder lograr que despu\u00e9s de m\u00e1s de una d\u00e9cada, San Pedro vuelva a tener construcci\u00f3n de viviendas para responder la gran necesidad que hoy tienen los vecinos y vecinas del Partido.<\/p>\n\n\n\n<p>Los funcionarios anunciaron adem\u00e1s que se informar\u00e1 anticipadamente la modalidad de inscripci\u00f3n de aspirantes a estas viviendas para realizar una adjudicaci\u00f3n transparente y ordenada, respondiendo a los criterios que se determinan desde el gobierno nacional.<\/p>\n\n\n\n<p>Estas viviendas se suman a las 89 de la Cooperativa Nuestros Sue\u00f1os y entre ambos planes, representan un movimiento econ\u00f3mico de 800 millones de pesos.<\/p>\n\n\n\n<figure class=\"wp-block-image size-large\"><img decoding=\"async\" width=\"1024\" height=\"642\" data-attachment-id=\"99525\" data-permalink=\"https:\/\/eldiariodesanpedro.com.ar\/sitio\/img-20210924-wa0030\/\" data-orig-file=\"https:\/\/eldiariodesanpedro.com.ar\/sitio\/wp-content\/uploads\/2021\/09\/IMG-20210924-WA0030.jpg\" data-orig-size=\"1280,802\" data-comments-opened=\"0\" data-image-meta=\"{&quot;aperture&quot;:&quot;0&quot;,&quot;credit&quot;:&quot;&quot;,&quot;camera&quot;:&quot;&quot;,&quot;caption&quot;:&quot;&quot;,&quot;created_timestamp&quot;:&quot;0&quot;,&quot;copyright&quot;:&quot;&quot;,&quot;focal_length&quot;:&quot;0&quot;,&quot;iso&quot;:&quot;0&quot;,&quot;shutter_speed&quot;:&quot;0&quot;,&quot;title&quot;:&quot;&quot;,&quot;orientation&quot;:&quot;0&quot;}\" data-image-title=\"IMG-20210924-WA0030\" data-image-description=\"\" data-image-caption=\"\" data-large-file=\"https:\/\/eldiariodesanpedro.com.ar\/sitio\/wp-content\/uploads\/2021\/09\/IMG-20210924-WA0030-1024x642.jpg\" data-src=\"https:\/\/eldiariodesanpedro.com.ar\/sitio\/wp-content\/uploads\/2021\/09\/IMG-20210924-WA0030-1024x642.jpg\" alt=\"\" class=\"wp-image-99525 lazyload\" data-srcset=\"https:\/\/eldiariodesanpedro.com.ar\/sitio\/wp-content\/uploads\/2021\/09\/IMG-20210924-WA0030-1024x642.jpg 1024w, https:\/\/eldiariodesanpedro.com.ar\/sitio\/wp-content\/uploads\/2021\/09\/IMG-20210924-WA0030-300x188.jpg 300w, https:\/\/eldiariodesanpedro.com.ar\/sitio\/wp-content\/uploads\/2021\/09\/IMG-20210924-WA0030-768x481.jpg 768w, https:\/\/eldiariodesanpedro.com.ar\/sitio\/wp-content\/uploads\/2021\/09\/IMG-20210924-WA0030.jpg 1280w\" data-sizes=\"(max-width: 1024px) 100vw, 1024px\" src=\"data:image\/svg+xml;base64,PHN2ZyB3aWR0aD0iMSIgaGVpZ2h0PSIxIiB4bWxucz0iaHR0cDovL3d3dy53My5vcmcvMjAwMC9zdmciPjwvc3ZnPg==\" style=\"--smush-placeholder-width: 1024px; --smush-placeholder-aspect-ratio: 1024\/642;\" \/><\/figure>\n\n\n\n<figure class=\"wp-block-image size-large\"><img decoding=\"async\" width=\"1024\" height=\"641\" data-attachment-id=\"99526\" data-permalink=\"https:\/\/eldiariodesanpedro.com.ar\/sitio\/img-20210924-wa0031\/\" data-orig-file=\"https:\/\/eldiariodesanpedro.com.ar\/sitio\/wp-content\/uploads\/2021\/09\/IMG-20210924-WA0031.jpg\" data-orig-size=\"1280,801\" data-comments-opened=\"0\" data-image-meta=\"{&quot;aperture&quot;:&quot;0&quot;,&quot;credit&quot;:&quot;&quot;,&quot;camera&quot;:&quot;&quot;,&quot;caption&quot;:&quot;&quot;,&quot;created_timestamp&quot;:&quot;0&quot;,&quot;copyright&quot;:&quot;&quot;,&quot;focal_length&quot;:&quot;0&quot;,&quot;iso&quot;:&quot;0&quot;,&quot;shutter_speed&quot;:&quot;0&quot;,&quot;title&quot;:&quot;&quot;,&quot;orientation&quot;:&quot;0&quot;}\" data-image-title=\"IMG-20210924-WA0031\" data-image-description=\"\" data-image-caption=\"\" data-large-file=\"https:\/\/eldiariodesanpedro.com.ar\/sitio\/wp-content\/uploads\/2021\/09\/IMG-20210924-WA0031-1024x641.jpg\" data-src=\"https:\/\/eldiariodesanpedro.com.ar\/sitio\/wp-content\/uploads\/2021\/09\/IMG-20210924-WA0031-1024x641.jpg\" alt=\"\" class=\"wp-image-99526 lazyload\" data-srcset=\"https:\/\/eldiariodesanpedro.com.ar\/sitio\/wp-content\/uploads\/2021\/09\/IMG-20210924-WA0031-1024x641.jpg 1024w, https:\/\/eldiariodesanpedro.com.ar\/sitio\/wp-content\/uploads\/2021\/09\/IMG-20210924-WA0031-300x188.jpg 300w, https:\/\/eldiariodesanpedro.com.ar\/sitio\/wp-content\/uploads\/2021\/09\/IMG-20210924-WA0031-768x481.jpg 768w, https:\/\/eldiariodesanpedro.com.ar\/sitio\/wp-content\/uploads\/2021\/09\/IMG-20210924-WA0031.jpg 1280w\" data-sizes=\"(max-width: 1024px) 100vw, 1024px\" src=\"data:image\/svg+xml;base64,PHN2ZyB3aWR0aD0iMSIgaGVpZ2h0PSIxIiB4bWxucz0iaHR0cDovL3d3dy53My5vcmcvMjAwMC9zdmciPjwvc3ZnPg==\" style=\"--smush-placeholder-width: 1024px; --smush-placeholder-aspect-ratio: 1024\/641;\" \/><\/figure>\n\n\n\n<figure class=\"wp-block-image size-large\"><img decoding=\"async\" width=\"1024\" height=\"634\" data-attachment-id=\"99522\" data-permalink=\"https:\/\/eldiariodesanpedro.com.ar\/sitio\/img-20210924-wa0033\/\" data-orig-file=\"https:\/\/eldiariodesanpedro.com.ar\/sitio\/wp-content\/uploads\/2021\/09\/IMG-20210924-WA0033.jpg\" data-orig-size=\"1280,792\" data-comments-opened=\"0\" data-image-meta=\"{&quot;aperture&quot;:&quot;0&quot;,&quot;credit&quot;:&quot;&quot;,&quot;camera&quot;:&quot;&quot;,&quot;caption&quot;:&quot;&quot;,&quot;created_timestamp&quot;:&quot;0&quot;,&quot;copyright&quot;:&quot;&quot;,&quot;focal_length&quot;:&quot;0&quot;,&quot;iso&quot;:&quot;0&quot;,&quot;shutter_speed&quot;:&quot;0&quot;,&quot;title&quot;:&quot;&quot;,&quot;orientation&quot;:&quot;0&quot;}\" data-image-title=\"IMG-20210924-WA0033\" data-image-description=\"\" data-image-caption=\"\" data-large-file=\"https:\/\/eldiariodesanpedro.com.ar\/sitio\/wp-content\/uploads\/2021\/09\/IMG-20210924-WA0033-1024x634.jpg\" data-src=\"https:\/\/eldiariodesanpedro.com.ar\/sitio\/wp-content\/uploads\/2021\/09\/IMG-20210924-WA0033-1024x634.jpg\" alt=\"\" class=\"wp-image-99522 lazyload\" data-srcset=\"https:\/\/eldiariodesanpedro.com.ar\/sitio\/wp-content\/uploads\/2021\/09\/IMG-20210924-WA0033-1024x634.jpg 1024w, https:\/\/eldiariodesanpedro.com.ar\/sitio\/wp-content\/uploads\/2021\/09\/IMG-20210924-WA0033-300x186.jpg 300w, https:\/\/eldiariodesanpedro.com.ar\/sitio\/wp-content\/uploads\/2021\/09\/IMG-20210924-WA0033-768x475.jpg 768w, https:\/\/eldiariodesanpedro.com.ar\/sitio\/wp-content\/uploads\/2021\/09\/IMG-20210924-WA0033.jpg 1280w\" data-sizes=\"(max-width: 1024px) 100vw, 1024px\" src=\"data:image\/svg+xml;base64,PHN2ZyB3aWR0aD0iMSIgaGVpZ2h0PSIxIiB4bWxucz0iaHR0cDovL3d3dy53My5vcmcvMjAwMC9zdmciPjwvc3ZnPg==\" style=\"--smush-placeholder-width: 1024px; --smush-placeholder-aspect-ratio: 1024\/634;\" \/><\/figure>\n","protected":false},"excerpt":{"rendered":"<p>El Intendente Cecilio Salazar encabez\u00f3 esta ma\u00f1ana una conferencia de prensa junto al Secretario de Coordinaci\u00f3n Ram\u00f3n Salazar, al Secretario de Gobierno Pablo Vlaeminck y al Secretario de Obras P\u00fablicas Javier Silva anunciando el llamado a licitaci\u00f3n para la construcci\u00f3n de 84 viviendas que se construir\u00e1n en la zona de Villa Depietri a trav\u00e9s de [&hellip;]<\/p>\n","protected":false},"author":4,"featured_media":99520,"comment_status":"closed","ping_status":"closed","sticky":false,"template":"","format":"standard","meta":{"om_disable_all_campaigns":false,"_jetpack_memberships_contains_paid_content":false,"footnotes":""},"categories":[50,101,2],"tags":[197,808,696,33,19,1122],"class_list":["post-99531","post","type-post","status-publish","format-standard","has-post-thumbnail","hentry","category-destacadas","category-interes-general-locales","category-locales","tag-buenos-aires","tag-coronavirus","tag-interes-general","tag-locales","tag-san-pedro","tag-sucesion"],"aioseo_notices":[],"gutentor_comment":0,"jetpack_featured_media_url":"https:\/\/eldiariodesanpedro.com.ar\/sitio\/wp-content\/uploads\/2021\/09\/IMG-20210924-WA0032.jpg","jetpack_shortlink":"https:\/\/wp.me\/p6RhLt-pTl","jetpack_sharing_enabled":true,"_links":{"self":[{"href":"https:\/\/eldiariodesanpedro.com.ar\/sitio\/wp-json\/wp\/v2\/posts\/99531","targetHints":{"allow":["GET"]}}],"collection":[{"href":"https:\/\/eldiariodesanpedro.com.ar\/sitio\/wp-json\/wp\/v2\/posts"}],"about":[{"href":"https:\/\/eldiariodesanpedro.com.ar\/sitio\/wp-json\/wp\/v2\/types\/post"}],"author":[{"embeddable":true,"href":"https:\/\/eldiariodesanpedro.com.ar\/sitio\/wp-json\/wp\/v2\/users\/4"}],"replies":[{"embeddable":true,"href":"https:\/\/eldiariodesanpedro.com.ar\/sitio\/wp-json\/wp\/v2\/comments?post=99531"}],"version-history":[{"count":1,"href":"https:\/\/eldiariodesanpedro.com.ar\/sitio\/wp-json\/wp\/v2\/posts\/99531\/revisions"}],"predecessor-version":[{"id":99534,"href":"https:\/\/eldiariodesanpedro.com.ar\/sitio\/wp-json\/wp\/v2\/posts\/99531\/revisions\/99534"}],"wp:featuredmedia":[{"embeddable":true,"href":"https:\/\/eldiariodesanpedro.com.ar\/sitio\/wp-json\/wp\/v2\/media\/99520"}],"wp:attachment":[{"href":"https:\/\/eldiariodesanpedro.com.ar\/sitio\/wp-json\/wp\/v2\/media?parent=99531"}],"wp:term":[{"taxonomy":"category","embeddable":true,"href":"https:\/\/eldiariodesanpedro.com.ar\/sitio\/wp-json\/wp\/v2\/categories?post=99531"},{"taxonomy":"post_tag","embeddable":true,"href":"https:\/\/eldiariodesanpedro.com.ar\/sitio\/wp-json\/wp\/v2\/tags?post=99531"}],"curies":[{"name":"wp","href":"https:\/\/api.w.org\/{rel}","templated":true}]}}