{"id":99512,"date":"2021-09-24T18:33:19","date_gmt":"2021-09-24T21:33:19","guid":{"rendered":"https:\/\/eldiariodesanpedro.com.ar\/sitio\/?p=99512"},"modified":"2021-09-24T18:33:23","modified_gmt":"2021-09-24T21:33:23","slug":"gabinete-itinerante-de-la-secretaria-de-desarrollo-economico-en-vuelta-de-obligado","status":"publish","type":"post","link":"https:\/\/eldiariodesanpedro.com.ar\/sitio\/gabinete-itinerante-de-la-secretaria-de-desarrollo-economico-en-vuelta-de-obligado\/","title":{"rendered":"Gabinete itinerante de la Secretar\u00eda de Desarrollo Econ\u00f3mico en Vuelta de Obligado"},"content":{"rendered":"<!-- VideographyWP Plugin Message: Automatic video embedding prevented by plugin options. -->\n\n<p>La Secretar\u00eda de Desarrollo Econ\u00f3mico de la Municipalidad de San Pedro visitar\u00e1 nuevamente la localidad de Vuelta de Obligado con representantes de todas sus \u00e1reas.<\/p>\n\n\n\n<p>El \u00abgabinete itinerante\u00bb brindar\u00e1 en la subdelegaci\u00f3n, el lunes 27 de septiembre entre las 9 y las 13 horas informaci\u00f3n para emprendedores, comerciantes, productores y empresarios.<\/p>\n\n\n\n<p>(Foto archivo visita a R\u00edo Tala)<\/p>\n","protected":false},"excerpt":{"rendered":"<p>La Secretar\u00eda de Desarrollo Econ\u00f3mico de la Municipalidad de San Pedro visitar\u00e1 nuevamente la localidad de Vuelta de Obligado con representantes de todas sus \u00e1reas. El \u00abgabinete itinerante\u00bb brindar\u00e1 en la subdelegaci\u00f3n, el lunes 27 de septiembre entre las 9 y las 13 horas informaci\u00f3n para emprendedores, comerciantes, productores y empresarios. (Foto archivo visita a [&hellip;]<\/p>\n","protected":false},"author":4,"featured_media":99516,"comment_status":"closed","ping_status":"closed","sticky":false,"template":"","format":"standard","meta":{"om_disable_all_campaigns":false,"_jetpack_memberships_contains_paid_content":false,"footnotes":""},"categories":[101,2],"tags":[197,696,33,19],"class_list":["post-99512","post","type-post","status-publish","format-standard","has-post-thumbnail","hentry","category-interes-general-locales","category-locales","tag-buenos-aires","tag-interes-general","tag-locales","tag-san-pedro"],"aioseo_notices":[],"gutentor_comment":0,"jetpack_featured_media_url":"https:\/\/eldiariodesanpedro.com.ar\/sitio\/wp-content\/uploads\/2021\/09\/IMG-20210924-WA0019.jpg","jetpack_shortlink":"https:\/\/wp.me\/p6RhLt-pT2","jetpack_sharing_enabled":true,"_links":{"self":[{"href":"https:\/\/eldiariodesanpedro.com.ar\/sitio\/wp-json\/wp\/v2\/posts\/99512","targetHints":{"allow":["GET"]}}],"collection":[{"href":"https:\/\/eldiariodesanpedro.com.ar\/sitio\/wp-json\/wp\/v2\/posts"}],"about":[{"href":"https:\/\/eldiariodesanpedro.com.ar\/sitio\/wp-json\/wp\/v2\/types\/post"}],"author":[{"embeddable":true,"href":"https:\/\/eldiariodesanpedro.com.ar\/sitio\/wp-json\/wp\/v2\/users\/4"}],"replies":[{"embeddable":true,"href":"https:\/\/eldiariodesanpedro.com.ar\/sitio\/wp-json\/wp\/v2\/comments?post=99512"}],"version-history":[{"count":1,"href":"https:\/\/eldiariodesanpedro.com.ar\/sitio\/wp-json\/wp\/v2\/posts\/99512\/revisions"}],"predecessor-version":[{"id":99530,"href":"https:\/\/eldiariodesanpedro.com.ar\/sitio\/wp-json\/wp\/v2\/posts\/99512\/revisions\/99530"}],"wp:featuredmedia":[{"embeddable":true,"href":"https:\/\/eldiariodesanpedro.com.ar\/sitio\/wp-json\/wp\/v2\/media\/99516"}],"wp:attachment":[{"href":"https:\/\/eldiariodesanpedro.com.ar\/sitio\/wp-json\/wp\/v2\/media?parent=99512"}],"wp:term":[{"taxonomy":"category","embeddable":true,"href":"https:\/\/eldiariodesanpedro.com.ar\/sitio\/wp-json\/wp\/v2\/categories?post=99512"},{"taxonomy":"post_tag","embeddable":true,"href":"https:\/\/eldiariodesanpedro.com.ar\/sitio\/wp-json\/wp\/v2\/tags?post=99512"}],"curies":[{"name":"wp","href":"https:\/\/api.w.org\/{rel}","templated":true}]}}