{"id":99501,"date":"2021-09-24T11:34:35","date_gmt":"2021-09-24T14:34:35","guid":{"rendered":"https:\/\/eldiariodesanpedro.com.ar\/sitio\/?p=99501"},"modified":"2021-09-24T11:34:39","modified_gmt":"2021-09-24T14:34:39","slug":"robaron-herramientas-en-una-obra-en-construccion","status":"publish","type":"post","link":"https:\/\/eldiariodesanpedro.com.ar\/sitio\/robaron-herramientas-en-una-obra-en-construccion\/","title":{"rendered":"Robaron herramientas en una obra en construcci\u00f3n"},"content":{"rendered":"<!-- VideographyWP Plugin Message: Automatic video embedding prevented by plugin options. -->\n\n<p>En la jornada de ayer se recibi\u00f3 una denuncia en la comisar\u00eda local por parte de un ciudadano que sufri\u00f3 el robo en una obra en construcci\u00f3n.<\/p>\n\n\n\n<p>Este jueves un ciudadano de 29 a\u00f1os de edad realiz\u00f3 la denuncia en la comisar\u00eda local comentando que al llegar a su lugar de trabajo una vivienda en construcci\u00f3n ubicada en calle Chivilcoy al 700 descubre que autores ignorados previo da\u00f1ar port\u00f3n de acceso sustraen herramientas varias de construcci\u00f3n.<\/p>\n","protected":false},"excerpt":{"rendered":"<p>En la jornada de ayer se recibi\u00f3 una denuncia en la comisar\u00eda local por parte de un ciudadano que sufri\u00f3 el robo en una obra en construcci\u00f3n. Este jueves un ciudadano de 29 a\u00f1os de edad realiz\u00f3 la denuncia en la comisar\u00eda local comentando que al llegar a su lugar de trabajo una vivienda en [&hellip;]<\/p>\n","protected":false},"author":4,"featured_media":45394,"comment_status":"closed","ping_status":"closed","sticky":false,"template":"","format":"standard","meta":{"om_disable_all_campaigns":false,"_jetpack_memberships_contains_paid_content":false,"footnotes":""},"categories":[2,103],"tags":[197,696,33,95,2411,19],"class_list":["post-99501","post","type-post","status-publish","format-standard","has-post-thumbnail","hentry","category-locales","category-policiales-locales","tag-buenos-aires","tag-interes-general","tag-locales","tag-policiales","tag-robaron-herramientas-en-una-obra-en-construccion","tag-san-pedro"],"aioseo_notices":[],"gutentor_comment":0,"jetpack_featured_media_url":"https:\/\/eldiariodesanpedro.com.ar\/sitio\/wp-content\/uploads\/2019\/01\/comisaria.jpg","jetpack_shortlink":"https:\/\/wp.me\/p6RhLt-pSR","jetpack_sharing_enabled":true,"_links":{"self":[{"href":"https:\/\/eldiariodesanpedro.com.ar\/sitio\/wp-json\/wp\/v2\/posts\/99501","targetHints":{"allow":["GET"]}}],"collection":[{"href":"https:\/\/eldiariodesanpedro.com.ar\/sitio\/wp-json\/wp\/v2\/posts"}],"about":[{"href":"https:\/\/eldiariodesanpedro.com.ar\/sitio\/wp-json\/wp\/v2\/types\/post"}],"author":[{"embeddable":true,"href":"https:\/\/eldiariodesanpedro.com.ar\/sitio\/wp-json\/wp\/v2\/users\/4"}],"replies":[{"embeddable":true,"href":"https:\/\/eldiariodesanpedro.com.ar\/sitio\/wp-json\/wp\/v2\/comments?post=99501"}],"version-history":[{"count":1,"href":"https:\/\/eldiariodesanpedro.com.ar\/sitio\/wp-json\/wp\/v2\/posts\/99501\/revisions"}],"predecessor-version":[{"id":99502,"href":"https:\/\/eldiariodesanpedro.com.ar\/sitio\/wp-json\/wp\/v2\/posts\/99501\/revisions\/99502"}],"wp:featuredmedia":[{"embeddable":true,"href":"https:\/\/eldiariodesanpedro.com.ar\/sitio\/wp-json\/wp\/v2\/media\/45394"}],"wp:attachment":[{"href":"https:\/\/eldiariodesanpedro.com.ar\/sitio\/wp-json\/wp\/v2\/media?parent=99501"}],"wp:term":[{"taxonomy":"category","embeddable":true,"href":"https:\/\/eldiariodesanpedro.com.ar\/sitio\/wp-json\/wp\/v2\/categories?post=99501"},{"taxonomy":"post_tag","embeddable":true,"href":"https:\/\/eldiariodesanpedro.com.ar\/sitio\/wp-json\/wp\/v2\/tags?post=99501"}],"curies":[{"name":"wp","href":"https:\/\/api.w.org\/{rel}","templated":true}]}}