{"id":99491,"date":"2021-09-24T10:30:33","date_gmt":"2021-09-24T13:30:33","guid":{"rendered":"https:\/\/eldiariodesanpedro.com.ar\/sitio\/?p=99491"},"modified":"2021-09-24T10:30:37","modified_gmt":"2021-09-24T13:30:37","slug":"violencia-de-genero-agredio-fisicamente-a-a-su-concubina-quien-esta-embarazada-de-8-meses","status":"publish","type":"post","link":"https:\/\/eldiariodesanpedro.com.ar\/sitio\/violencia-de-genero-agredio-fisicamente-a-a-su-concubina-quien-esta-embarazada-de-8-meses\/","title":{"rendered":"Violencia de Genero: Agredio fisicamente a  a su concubina quien esta embarazada de 8 meses"},"content":{"rendered":"<!-- VideographyWP Plugin Message: Automatic video embedding prevented by plugin options. -->\n\n<p>En la jornada de ayer ocurri\u00f3 un nuevo hecho de violencia de g\u00e9nero donde se aprehendi\u00f3 a un hombre por golpear a su pareja .<\/p>\n\n\n\n<p>El hecho ocurri\u00f3 alrededor de las 22:30 horas, donde el personal policial alert\u00f3 por un llamado al 911 donde ocurri\u00f3 un episodio de violencia familiar donde acudi\u00f3 en calle Sargento Selada y Bozzano.<\/p>\n\n\n\n<p>All\u00ed aprehende a un ciudadano de 24 a\u00f1os delincuente de numerosos antecedentes,&nbsp; quien agredi\u00f3 a su concubina una mujer de 23 a\u00f1os quien cursa embarazo de 8 meses.&nbsp;<\/p>\n\n\n\n<p>La mujer fue asistida en el hospital local, sin necesidad de internaci\u00f3n. Sufri\u00f3 lesiones en miembros de car\u00e1cter leves, fue asistida en la Comisar\u00eda de la Mujer y la Familia local, el agresor permanece alojado en la comisar\u00eda local.-<\/p>\n","protected":false},"excerpt":{"rendered":"<p>En la jornada de ayer ocurri\u00f3 un nuevo hecho de violencia de g\u00e9nero donde se aprehendi\u00f3 a un hombre por golpear a su pareja . El hecho ocurri\u00f3 alrededor de las 22:30 horas, donde el personal policial alert\u00f3 por un llamado al 911 donde ocurri\u00f3 un episodio de violencia familiar donde acudi\u00f3 en calle Sargento [&hellip;]<\/p>\n","protected":false},"author":4,"featured_media":99492,"comment_status":"closed","ping_status":"closed","sticky":false,"template":"","format":"standard","meta":{"om_disable_all_campaigns":false,"_jetpack_memberships_contains_paid_content":false,"footnotes":""},"categories":[50,2,103],"tags":[],"class_list":["post-99491","post","type-post","status-publish","format-standard","has-post-thumbnail","hentry","category-destacadas","category-locales","category-policiales-locales"],"aioseo_notices":[],"gutentor_comment":0,"jetpack_featured_media_url":"https:\/\/eldiariodesanpedro.com.ar\/sitio\/wp-content\/uploads\/2021\/09\/WhatsApp-Image-2021-09-24-at-10.24.02.jpeg","jetpack_shortlink":"https:\/\/wp.me\/p6RhLt-pSH","jetpack_sharing_enabled":true,"_links":{"self":[{"href":"https:\/\/eldiariodesanpedro.com.ar\/sitio\/wp-json\/wp\/v2\/posts\/99491","targetHints":{"allow":["GET"]}}],"collection":[{"href":"https:\/\/eldiariodesanpedro.com.ar\/sitio\/wp-json\/wp\/v2\/posts"}],"about":[{"href":"https:\/\/eldiariodesanpedro.com.ar\/sitio\/wp-json\/wp\/v2\/types\/post"}],"author":[{"embeddable":true,"href":"https:\/\/eldiariodesanpedro.com.ar\/sitio\/wp-json\/wp\/v2\/users\/4"}],"replies":[{"embeddable":true,"href":"https:\/\/eldiariodesanpedro.com.ar\/sitio\/wp-json\/wp\/v2\/comments?post=99491"}],"version-history":[{"count":1,"href":"https:\/\/eldiariodesanpedro.com.ar\/sitio\/wp-json\/wp\/v2\/posts\/99491\/revisions"}],"predecessor-version":[{"id":99493,"href":"https:\/\/eldiariodesanpedro.com.ar\/sitio\/wp-json\/wp\/v2\/posts\/99491\/revisions\/99493"}],"wp:featuredmedia":[{"embeddable":true,"href":"https:\/\/eldiariodesanpedro.com.ar\/sitio\/wp-json\/wp\/v2\/media\/99492"}],"wp:attachment":[{"href":"https:\/\/eldiariodesanpedro.com.ar\/sitio\/wp-json\/wp\/v2\/media?parent=99491"}],"wp:term":[{"taxonomy":"category","embeddable":true,"href":"https:\/\/eldiariodesanpedro.com.ar\/sitio\/wp-json\/wp\/v2\/categories?post=99491"},{"taxonomy":"post_tag","embeddable":true,"href":"https:\/\/eldiariodesanpedro.com.ar\/sitio\/wp-json\/wp\/v2\/tags?post=99491"}],"curies":[{"name":"wp","href":"https:\/\/api.w.org\/{rel}","templated":true}]}}