{"id":99483,"date":"2021-09-24T08:46:02","date_gmt":"2021-09-24T11:46:02","guid":{"rendered":"https:\/\/eldiariodesanpedro.com.ar\/sitio\/?p=99483"},"modified":"2021-09-24T08:46:06","modified_gmt":"2021-09-24T11:46:06","slug":"colaboracion-en-testeos-preventivos-para-viajes-de-egresados-estudiantiles-desde-san-pedro","status":"publish","type":"post","link":"https:\/\/eldiariodesanpedro.com.ar\/sitio\/colaboracion-en-testeos-preventivos-para-viajes-de-egresados-estudiantiles-desde-san-pedro\/","title":{"rendered":"Colaboraci\u00f3n en testeos preventivos para viajes de egresados estudiantiles desde San Pedro"},"content":{"rendered":"<!-- VideographyWP Plugin Message: Automatic video embedding prevented by plugin options. -->\n\n<p>La Secretar\u00eda de Salud de la Municipalidad de San Pedro informa que se ha acordado en conjunto con el Laboratorio del Hospital Emilio Ruffa, colaborar con los testeos preventivos de pacientes asintom\u00e1ticos, en los y las j\u00f3venes de nuestra ciudad que realizar\u00e1n sus viajes de egresados.<\/p>\n\n\n\n<p>Desde el gobierno municipal y con el objetivo de acompa\u00f1ar con medidas preventivas esta actividad tan esperada, se dispuso facilitar testeos r\u00e1pidos para garantizar las condiciones de viaje de los y las estudiantes que viajar\u00e1n a Carlos Paz y San Carlos de Bariloche, respectivamente.<\/p>\n\n\n\n<p>La Municipalidad aportar\u00e1 estos ex\u00e1menes, necesarios y obligatorios, para poder concretar los viajar con tranquilidad para los grupos y sus familias.<\/p>\n\n\n\n<p>El cronograma y la modalidad de realizaci\u00f3n de los testeos, ser\u00e1 coordinado por las empresas de turismo, los responsables de cada grupo y el Laboratorio, en los pr\u00f3ximos d\u00edas.<\/p>\n","protected":false},"excerpt":{"rendered":"<p>La Secretar\u00eda de Salud de la Municipalidad de San Pedro informa que se ha acordado en conjunto con el Laboratorio del Hospital Emilio Ruffa, colaborar con los testeos preventivos de pacientes asintom\u00e1ticos, en los y las j\u00f3venes de nuestra ciudad que realizar\u00e1n sus viajes de egresados. Desde el gobierno municipal y con el objetivo de [&hellip;]<\/p>\n","protected":false},"author":4,"featured_media":99484,"comment_status":"closed","ping_status":"closed","sticky":false,"template":"","format":"standard","meta":{"om_disable_all_campaigns":false,"_jetpack_memberships_contains_paid_content":false,"footnotes":""},"categories":[50,101,2],"tags":[197,696,33,19],"class_list":["post-99483","post","type-post","status-publish","format-standard","has-post-thumbnail","hentry","category-destacadas","category-interes-general-locales","category-locales","tag-buenos-aires","tag-interes-general","tag-locales","tag-san-pedro"],"aioseo_notices":[],"gutentor_comment":0,"jetpack_featured_media_url":"https:\/\/eldiariodesanpedro.com.ar\/sitio\/wp-content\/uploads\/2021\/09\/testeo-egresados-7-1024x682-1.jpeg","jetpack_shortlink":"https:\/\/wp.me\/p6RhLt-pSz","jetpack_sharing_enabled":true,"_links":{"self":[{"href":"https:\/\/eldiariodesanpedro.com.ar\/sitio\/wp-json\/wp\/v2\/posts\/99483","targetHints":{"allow":["GET"]}}],"collection":[{"href":"https:\/\/eldiariodesanpedro.com.ar\/sitio\/wp-json\/wp\/v2\/posts"}],"about":[{"href":"https:\/\/eldiariodesanpedro.com.ar\/sitio\/wp-json\/wp\/v2\/types\/post"}],"author":[{"embeddable":true,"href":"https:\/\/eldiariodesanpedro.com.ar\/sitio\/wp-json\/wp\/v2\/users\/4"}],"replies":[{"embeddable":true,"href":"https:\/\/eldiariodesanpedro.com.ar\/sitio\/wp-json\/wp\/v2\/comments?post=99483"}],"version-history":[{"count":1,"href":"https:\/\/eldiariodesanpedro.com.ar\/sitio\/wp-json\/wp\/v2\/posts\/99483\/revisions"}],"predecessor-version":[{"id":99485,"href":"https:\/\/eldiariodesanpedro.com.ar\/sitio\/wp-json\/wp\/v2\/posts\/99483\/revisions\/99485"}],"wp:featuredmedia":[{"embeddable":true,"href":"https:\/\/eldiariodesanpedro.com.ar\/sitio\/wp-json\/wp\/v2\/media\/99484"}],"wp:attachment":[{"href":"https:\/\/eldiariodesanpedro.com.ar\/sitio\/wp-json\/wp\/v2\/media?parent=99483"}],"wp:term":[{"taxonomy":"category","embeddable":true,"href":"https:\/\/eldiariodesanpedro.com.ar\/sitio\/wp-json\/wp\/v2\/categories?post=99483"},{"taxonomy":"post_tag","embeddable":true,"href":"https:\/\/eldiariodesanpedro.com.ar\/sitio\/wp-json\/wp\/v2\/tags?post=99483"}],"curies":[{"name":"wp","href":"https:\/\/api.w.org\/{rel}","templated":true}]}}