{"id":99479,"date":"2021-09-23T20:48:05","date_gmt":"2021-09-23T23:48:05","guid":{"rendered":"https:\/\/eldiariodesanpedro.com.ar\/sitio\/?p=99479"},"modified":"2021-09-23T20:48:10","modified_gmt":"2021-09-23T23:48:10","slug":"edicto-de-sucesion-de-amoros-antonio-argiro-elena-rosa-y-amoros-liliana-esther","status":"publish","type":"post","link":"https:\/\/eldiariodesanpedro.com.ar\/sitio\/edicto-de-sucesion-de-amoros-antonio-argiro-elena-rosa-y-amoros-liliana-esther\/","title":{"rendered":"Edicto de Sucesi\u00f3n de Amoros Antonio, Argiro Elena Rosa y Amoros Liliana Esther"},"content":{"rendered":"<!-- VideographyWP Plugin Message: Automatic video embedding prevented by plugin options. -->\n\n<p>El Juzgado de Paz Letrado de Baradero, Secretar\u00eda \u00danica Departamento Judicial de San Nicol\u00e1s cita y emplaza por treinta d\u00edas a herederos y acreedores de: <strong>Amoros Antonio, Argiro Elena Rosa y Amoros Liliana Esthe<\/strong>r.- Baradero, 13 de Julio de 2021.-&nbsp;&nbsp;&nbsp;<\/p>\n\n\n\n<p>DR. ESTEBAN O PERUSINA <br>ABOGADO SECRETARIO<\/p>\n","protected":false},"excerpt":{"rendered":"<p>El Juzgado de Paz Letrado de Baradero, Secretar\u00eda \u00danica Departamento Judicial de San Nicol\u00e1s cita y emplaza por treinta d\u00edas a herederos y acreedores de: Amoros Antonio, Argiro Elena Rosa y Amoros Liliana Esther.- Baradero, 13 de Julio de 2021.-&nbsp;&nbsp;&nbsp; DR. ESTEBAN O PERUSINA ABOGADO SECRETARIO<\/p>\n","protected":false},"author":4,"featured_media":81115,"comment_status":"closed","ping_status":"closed","sticky":false,"template":"","format":"standard","meta":{"om_disable_all_campaigns":false,"_jetpack_memberships_contains_paid_content":false,"footnotes":""},"categories":[676,677],"tags":[2408,2410,197,1121,696,1355,33,19,1122],"class_list":["post-99479","post","type-post","status-publish","format-standard","has-post-thumbnail","hentry","category-edictos","category-edictos-sucesorios","tag-amoros-antonio","tag-argiro-elena-rosa-y-amoros-liliana-esther","tag-buenos-aires","tag-edicto","tag-interes-general","tag-judiciales","tag-locales","tag-san-pedro","tag-sucesion"],"aioseo_notices":[],"gutentor_comment":0,"jetpack_featured_media_url":"https:\/\/eldiariodesanpedro.com.ar\/sitio\/wp-content\/uploads\/2020\/09\/Poder-Judicial.jpg","jetpack_shortlink":"https:\/\/wp.me\/p6RhLt-pSv","jetpack_sharing_enabled":true,"_links":{"self":[{"href":"https:\/\/eldiariodesanpedro.com.ar\/sitio\/wp-json\/wp\/v2\/posts\/99479","targetHints":{"allow":["GET"]}}],"collection":[{"href":"https:\/\/eldiariodesanpedro.com.ar\/sitio\/wp-json\/wp\/v2\/posts"}],"about":[{"href":"https:\/\/eldiariodesanpedro.com.ar\/sitio\/wp-json\/wp\/v2\/types\/post"}],"author":[{"embeddable":true,"href":"https:\/\/eldiariodesanpedro.com.ar\/sitio\/wp-json\/wp\/v2\/users\/4"}],"replies":[{"embeddable":true,"href":"https:\/\/eldiariodesanpedro.com.ar\/sitio\/wp-json\/wp\/v2\/comments?post=99479"}],"version-history":[{"count":1,"href":"https:\/\/eldiariodesanpedro.com.ar\/sitio\/wp-json\/wp\/v2\/posts\/99479\/revisions"}],"predecessor-version":[{"id":99480,"href":"https:\/\/eldiariodesanpedro.com.ar\/sitio\/wp-json\/wp\/v2\/posts\/99479\/revisions\/99480"}],"wp:featuredmedia":[{"embeddable":true,"href":"https:\/\/eldiariodesanpedro.com.ar\/sitio\/wp-json\/wp\/v2\/media\/81115"}],"wp:attachment":[{"href":"https:\/\/eldiariodesanpedro.com.ar\/sitio\/wp-json\/wp\/v2\/media?parent=99479"}],"wp:term":[{"taxonomy":"category","embeddable":true,"href":"https:\/\/eldiariodesanpedro.com.ar\/sitio\/wp-json\/wp\/v2\/categories?post=99479"},{"taxonomy":"post_tag","embeddable":true,"href":"https:\/\/eldiariodesanpedro.com.ar\/sitio\/wp-json\/wp\/v2\/tags?post=99479"}],"curies":[{"name":"wp","href":"https:\/\/api.w.org\/{rel}","templated":true}]}}