{"id":99473,"date":"2021-09-23T19:52:37","date_gmt":"2021-09-23T22:52:37","guid":{"rendered":"https:\/\/eldiariodesanpedro.com.ar\/sitio\/?p=99473"},"modified":"2021-09-23T19:52:41","modified_gmt":"2021-09-23T22:52:41","slug":"se-realizaron-40-testeos-en-la-escuelas-de-la-tosqueras","status":"publish","type":"post","link":"https:\/\/eldiariodesanpedro.com.ar\/sitio\/se-realizaron-40-testeos-en-la-escuelas-de-la-tosqueras\/","title":{"rendered":"Se realizaron 40 testeos en la escuelas de La Tosqueras"},"content":{"rendered":"<!-- VideographyWP Plugin Message: Automatic video embedding prevented by plugin options. -->\n\n<p>El Laboratorio del Hospital informa que concluyeron en el d\u00eda de hoy los testeos r\u00e1pidos aleatorios y aislados de Covid-19, solicitados desde el \u00e1rea de Educaci\u00f3n en docentes de los establecimientos primarios y secundarios. En la jornada de hoy se efectuaron 40 estudios en las escuelas primarias y secundarias de La Tosquera, Bajo Campod\u00f3nico, 7, 13 y 15, con resultados negativos.<\/p>\n","protected":false},"excerpt":{"rendered":"<p>El Laboratorio del Hospital informa que concluyeron en el d\u00eda de hoy los testeos r\u00e1pidos aleatorios y aislados de Covid-19, solicitados desde el \u00e1rea de Educaci\u00f3n en docentes de los establecimientos primarios y secundarios. En la jornada de hoy se efectuaron 40 estudios en las escuelas primarias y secundarias de La Tosquera, Bajo Campod\u00f3nico, 7, [&hellip;]<\/p>\n","protected":false},"author":4,"featured_media":99474,"comment_status":"closed","ping_status":"closed","sticky":false,"template":"","format":"standard","meta":{"om_disable_all_campaigns":false,"_jetpack_memberships_contains_paid_content":false,"footnotes":""},"categories":[50,101,2],"tags":[197,808,696,33,19],"class_list":["post-99473","post","type-post","status-publish","format-standard","has-post-thumbnail","hentry","category-destacadas","category-interes-general-locales","category-locales","tag-buenos-aires","tag-coronavirus","tag-interes-general","tag-locales","tag-san-pedro"],"aioseo_notices":[],"gutentor_comment":0,"jetpack_featured_media_url":"https:\/\/eldiariodesanpedro.com.ar\/sitio\/wp-content\/uploads\/2021\/09\/testeos_constitucion-3-scaled.jpg","jetpack_shortlink":"https:\/\/wp.me\/p6RhLt-pSp","jetpack_sharing_enabled":true,"_links":{"self":[{"href":"https:\/\/eldiariodesanpedro.com.ar\/sitio\/wp-json\/wp\/v2\/posts\/99473","targetHints":{"allow":["GET"]}}],"collection":[{"href":"https:\/\/eldiariodesanpedro.com.ar\/sitio\/wp-json\/wp\/v2\/posts"}],"about":[{"href":"https:\/\/eldiariodesanpedro.com.ar\/sitio\/wp-json\/wp\/v2\/types\/post"}],"author":[{"embeddable":true,"href":"https:\/\/eldiariodesanpedro.com.ar\/sitio\/wp-json\/wp\/v2\/users\/4"}],"replies":[{"embeddable":true,"href":"https:\/\/eldiariodesanpedro.com.ar\/sitio\/wp-json\/wp\/v2\/comments?post=99473"}],"version-history":[{"count":1,"href":"https:\/\/eldiariodesanpedro.com.ar\/sitio\/wp-json\/wp\/v2\/posts\/99473\/revisions"}],"predecessor-version":[{"id":99475,"href":"https:\/\/eldiariodesanpedro.com.ar\/sitio\/wp-json\/wp\/v2\/posts\/99473\/revisions\/99475"}],"wp:featuredmedia":[{"embeddable":true,"href":"https:\/\/eldiariodesanpedro.com.ar\/sitio\/wp-json\/wp\/v2\/media\/99474"}],"wp:attachment":[{"href":"https:\/\/eldiariodesanpedro.com.ar\/sitio\/wp-json\/wp\/v2\/media?parent=99473"}],"wp:term":[{"taxonomy":"category","embeddable":true,"href":"https:\/\/eldiariodesanpedro.com.ar\/sitio\/wp-json\/wp\/v2\/categories?post=99473"},{"taxonomy":"post_tag","embeddable":true,"href":"https:\/\/eldiariodesanpedro.com.ar\/sitio\/wp-json\/wp\/v2\/tags?post=99473"}],"curies":[{"name":"wp","href":"https:\/\/api.w.org\/{rel}","templated":true}]}}