{"id":99471,"date":"2021-09-23T19:31:16","date_gmt":"2021-09-23T22:31:16","guid":{"rendered":"https:\/\/eldiariodesanpedro.com.ar\/sitio\/?p=99471"},"modified":"2021-09-23T19:31:20","modified_gmt":"2021-09-23T22:31:20","slug":"derivaron-a-uno-de-los-accidentados-en-el-choque-frontal-ocurrido-en-la-ruta-191","status":"publish","type":"post","link":"https:\/\/eldiariodesanpedro.com.ar\/sitio\/derivaron-a-uno-de-los-accidentados-en-el-choque-frontal-ocurrido-en-la-ruta-191\/","title":{"rendered":"Derivaron a uno de los accidentados en el choque frontal ocurrido en la Ruta 191"},"content":{"rendered":"<!-- VideographyWP Plugin Message: Automatic video embedding prevented by plugin options. -->\n\n<p>Daniel Segovia de 29 a\u00f1os es el efectivo de la Polic\u00eda Montada de Campana , domiciliado en Villa Igoillo que ven\u00eda desde Pueblo Doyle y protagoniz\u00f3 un accidente frontal hace una semana, mientras transitaba por la ruta 191, y en el km 19 impact\u00f3&nbsp; con su Ford escort con otro veh\u00edculo, un Peugeot 504, fue trasladado a San Miguel a un nosocomio de alta complejidad.<\/p>\n\n\n\n<p>Segovia sufri\u00f3&nbsp; triple fractura de cadera, traumatismo de f\u00e9mur y en las&nbsp; rodillas, tiene seis costillas fracturadas m\u00e1s otras dos astilladas, y una fisura de cuatro cent\u00edmetros en el h\u00edgado. Adem\u00e1s debido al golpe&nbsp; tambi\u00e9n present\u00f3 quemaduras en la mano y la cara al ser alcanzado por el \u00e1cido de la bater\u00eda.<\/p>\n\n\n\n<p>En nuestra ciudad fue operado de una rodilla y una vez se dieron los par\u00e1metros m\u00e9dicos fue trasladado e internado en terapia intensiva.<\/p>\n","protected":false},"excerpt":{"rendered":"<p>Daniel Segovia de 29 a\u00f1os es el efectivo de la Polic\u00eda Montada de Campana , domiciliado en Villa Igoillo que ven\u00eda desde Pueblo Doyle y protagoniz\u00f3 un accidente frontal hace una semana, mientras transitaba por la ruta 191, y en el km 19 impact\u00f3&nbsp; con su Ford escort con otro veh\u00edculo, un Peugeot 504, fue [&hellip;]<\/p>\n","protected":false},"author":4,"featured_media":99168,"comment_status":"closed","ping_status":"closed","sticky":false,"template":"","format":"standard","meta":{"om_disable_all_campaigns":false,"_jetpack_memberships_contains_paid_content":false,"footnotes":""},"categories":[50,2,103],"tags":[197,696,33,19],"class_list":["post-99471","post","type-post","status-publish","format-standard","has-post-thumbnail","hentry","category-destacadas","category-locales","category-policiales-locales","tag-buenos-aires","tag-interes-general","tag-locales","tag-san-pedro"],"aioseo_notices":[],"gutentor_comment":0,"jetpack_featured_media_url":"https:\/\/eldiariodesanpedro.com.ar\/sitio\/wp-content\/uploads\/2021\/09\/WhatsApp-Image-2021-09-17-at-23.00.06.jpeg","jetpack_shortlink":"https:\/\/wp.me\/p6RhLt-pSn","jetpack_sharing_enabled":true,"_links":{"self":[{"href":"https:\/\/eldiariodesanpedro.com.ar\/sitio\/wp-json\/wp\/v2\/posts\/99471","targetHints":{"allow":["GET"]}}],"collection":[{"href":"https:\/\/eldiariodesanpedro.com.ar\/sitio\/wp-json\/wp\/v2\/posts"}],"about":[{"href":"https:\/\/eldiariodesanpedro.com.ar\/sitio\/wp-json\/wp\/v2\/types\/post"}],"author":[{"embeddable":true,"href":"https:\/\/eldiariodesanpedro.com.ar\/sitio\/wp-json\/wp\/v2\/users\/4"}],"replies":[{"embeddable":true,"href":"https:\/\/eldiariodesanpedro.com.ar\/sitio\/wp-json\/wp\/v2\/comments?post=99471"}],"version-history":[{"count":1,"href":"https:\/\/eldiariodesanpedro.com.ar\/sitio\/wp-json\/wp\/v2\/posts\/99471\/revisions"}],"predecessor-version":[{"id":99472,"href":"https:\/\/eldiariodesanpedro.com.ar\/sitio\/wp-json\/wp\/v2\/posts\/99471\/revisions\/99472"}],"wp:featuredmedia":[{"embeddable":true,"href":"https:\/\/eldiariodesanpedro.com.ar\/sitio\/wp-json\/wp\/v2\/media\/99168"}],"wp:attachment":[{"href":"https:\/\/eldiariodesanpedro.com.ar\/sitio\/wp-json\/wp\/v2\/media?parent=99471"}],"wp:term":[{"taxonomy":"category","embeddable":true,"href":"https:\/\/eldiariodesanpedro.com.ar\/sitio\/wp-json\/wp\/v2\/categories?post=99471"},{"taxonomy":"post_tag","embeddable":true,"href":"https:\/\/eldiariodesanpedro.com.ar\/sitio\/wp-json\/wp\/v2\/tags?post=99471"}],"curies":[{"name":"wp","href":"https:\/\/api.w.org\/{rel}","templated":true}]}}