{"id":99469,"date":"2021-09-23T19:08:49","date_gmt":"2021-09-23T22:08:49","guid":{"rendered":"https:\/\/eldiariodesanpedro.com.ar\/sitio\/?p=99469"},"modified":"2021-09-23T19:08:49","modified_gmt":"2021-09-23T22:08:49","slug":"el-museo-historico-presento-una-nota-para-solicitar-constituir-la-comision-municipal-de-patrimonio-2","status":"publish","type":"post","link":"https:\/\/eldiariodesanpedro.com.ar\/sitio\/el-museo-historico-presento-una-nota-para-solicitar-constituir-la-comision-municipal-de-patrimonio-2\/","title":{"rendered":"El Museo Historico presento una nota para solicitar constituir la Comision Municipal de Patrimonio"},"content":{"rendered":"<!-- VideographyWP Plugin Message: Automatic video embedding prevented by plugin options. -->\n\n<p> En el d\u00eda de la ayer, la Asociaci\u00f3n de Amigos del Centro de Estudios Hist\u00f3ricos de San Pedro present\u00f3 ante la Municipalidad de San Pedro, a trav\u00e9s de nota escrita, la idea-proyecto de constituir una COMISI\u00d3N MUNICIPAL DE PATRIMONIO. <\/p>\n\n\n<a href=\"https:\/\/eldiariodesanpedro.com.ar\/sitio\/wp-content\/uploads\/2021\/09\/NOTA-COMISION-MUNICIPAL-DE-PATRIMONIO.pdf\" class=\"pdfemb-viewer\" style=\"\" data-width=\"max\" data-height=\"max\" data-toolbar=\"bottom\" data-toolbar-fixed=\"off\">NOTA-COMISION-MUNICIPAL-DE-PATRIMONIO<\/a>\n<p class=\"wp-block-pdfemb-pdf-embedder-viewer\"><\/p>\n","protected":false},"excerpt":{"rendered":"<p>En el d\u00eda de la ayer, la Asociaci\u00f3n de Amigos del Centro de Estudios Hist\u00f3ricos de San Pedro present\u00f3 ante la Municipalidad de San Pedro, a trav\u00e9s de nota escrita, la idea-proyecto de constituir una COMISI\u00d3N MUNICIPAL DE PATRIMONIO.<\/p>\n","protected":false},"author":4,"featured_media":99466,"comment_status":"closed","ping_status":"","sticky":false,"template":"","format":"standard","meta":{"om_disable_all_campaigns":false,"_jetpack_memberships_contains_paid_content":false,"footnotes":""},"categories":[101,2],"tags":[197,696,33,19],"class_list":["post-99469","post","type-post","status-publish","format-standard","has-post-thumbnail","hentry","category-interes-general-locales","category-locales","tag-buenos-aires","tag-interes-general","tag-locales","tag-san-pedro"],"aioseo_notices":[],"gutentor_comment":0,"jetpack_featured_media_url":"https:\/\/eldiariodesanpedro.com.ar\/sitio\/wp-content\/uploads\/2021\/09\/medida-27.jpg","jetpack_shortlink":"https:\/\/wp.me\/p6RhLt-pSl","jetpack_sharing_enabled":true,"_links":{"self":[{"href":"https:\/\/eldiariodesanpedro.com.ar\/sitio\/wp-json\/wp\/v2\/posts\/99469","targetHints":{"allow":["GET"]}}],"collection":[{"href":"https:\/\/eldiariodesanpedro.com.ar\/sitio\/wp-json\/wp\/v2\/posts"}],"about":[{"href":"https:\/\/eldiariodesanpedro.com.ar\/sitio\/wp-json\/wp\/v2\/types\/post"}],"author":[{"embeddable":true,"href":"https:\/\/eldiariodesanpedro.com.ar\/sitio\/wp-json\/wp\/v2\/users\/4"}],"replies":[{"embeddable":true,"href":"https:\/\/eldiariodesanpedro.com.ar\/sitio\/wp-json\/wp\/v2\/comments?post=99469"}],"version-history":[{"count":1,"href":"https:\/\/eldiariodesanpedro.com.ar\/sitio\/wp-json\/wp\/v2\/posts\/99469\/revisions"}],"predecessor-version":[{"id":99470,"href":"https:\/\/eldiariodesanpedro.com.ar\/sitio\/wp-json\/wp\/v2\/posts\/99469\/revisions\/99470"}],"wp:featuredmedia":[{"embeddable":true,"href":"https:\/\/eldiariodesanpedro.com.ar\/sitio\/wp-json\/wp\/v2\/media\/99466"}],"wp:attachment":[{"href":"https:\/\/eldiariodesanpedro.com.ar\/sitio\/wp-json\/wp\/v2\/media?parent=99469"}],"wp:term":[{"taxonomy":"category","embeddable":true,"href":"https:\/\/eldiariodesanpedro.com.ar\/sitio\/wp-json\/wp\/v2\/categories?post=99469"},{"taxonomy":"post_tag","embeddable":true,"href":"https:\/\/eldiariodesanpedro.com.ar\/sitio\/wp-json\/wp\/v2\/tags?post=99469"}],"curies":[{"name":"wp","href":"https:\/\/api.w.org\/{rel}","templated":true}]}}