{"id":99429,"date":"2021-09-23T11:52:21","date_gmt":"2021-09-23T14:52:21","guid":{"rendered":"https:\/\/eldiariodesanpedro.com.ar\/sitio\/?p=99429"},"modified":"2021-09-23T11:52:28","modified_gmt":"2021-09-23T14:52:28","slug":"vivero-el-pampero-srl-notificacion-de-inicio-de-temporada","status":"publish","type":"post","link":"https:\/\/eldiariodesanpedro.com.ar\/sitio\/vivero-el-pampero-srl-notificacion-de-inicio-de-temporada\/","title":{"rendered":"Vivero El Pampero SRL Notificaci\u00f3n de Inicio de Temporada"},"content":{"rendered":"<!-- VideographyWP Plugin Message: Automatic video embedding prevented by plugin options. -->\n\n<p>NOTIFICACI\u00d3N INICIO DE TEMPORADA  <br>SINDICATO S.E.D.A. Y UATRE\u00a0<\/p>\n\n\n\n<p>SAN PEDRO, 22 DE SETIEMBRE DE 2021-<\/p>\n\n\n\n<p>Comunicamos a todo nuestro personal de Empaque, Rurales y&nbsp; Recolectores Temporarios, QUE EL D\u00cdA 25 DE OCTUBRE&nbsp; DE 2021 aproximadamente se iniciar\u00e1 la temporada de durazno, debiendo presentarse en el lugar de trabajo en el Camino al Aeroclub, Paraje Villa Jard\u00edn, del Partido de San Pedro (B), en el horario de 07 hs, para comenzar con sus tareas en la presente temporada y traer la libreta del trabajador rural Ley 25.191 sin excepci\u00f3n. Quedan Uds., debidamente notificados, conforme lo establecen los C.C.T. aplicable y Legislaci\u00f3n vigente.-<\/p>\n\n\n\n<p>Deber\u00e1n expresar fehacientemente su disposici\u00f3n para comenzar sus tareas hasta el d\u00eda 14 de Octubre de 2021 en las oficinas ubicadas en el Camino al Aeroclub, Paraje Villa Jard\u00edn, del Partido de San Pedro (B), en horario de 08 hs a 12hs.-<\/p>\n\n\n\n<p>VIVEROS EL PAMPERO S.R.L.<\/p>\n","protected":false},"excerpt":{"rendered":"<p>NOTIFICACI\u00d3N INICIO DE TEMPORADA SINDICATO S.E.D.A. Y UATRE\u00a0 SAN PEDRO, 22 DE SETIEMBRE DE 2021- Comunicamos a todo nuestro personal de Empaque, Rurales y&nbsp; Recolectores Temporarios, QUE EL D\u00cdA 25 DE OCTUBRE&nbsp; DE 2021 aproximadamente se iniciar\u00e1 la temporada de durazno, debiendo presentarse en el lugar de trabajo en el Camino al Aeroclub, Paraje Villa [&hellip;]<\/p>\n","protected":false},"author":4,"featured_media":99431,"comment_status":"closed","ping_status":"closed","sticky":false,"template":"","format":"standard","meta":{"om_disable_all_campaigns":false,"_jetpack_memberships_contains_paid_content":false,"footnotes":""},"categories":[678,676],"tags":[197,1121,696,1355,33,2400,19,2401],"class_list":["post-99429","post","type-post","status-publish","format-standard","has-post-thumbnail","hentry","category-convocatorias","category-edictos","tag-buenos-aires","tag-edicto","tag-interes-general","tag-judiciales","tag-locales","tag-notificacion-de-incio-de-temporada","tag-san-pedro","tag-vivero-el-pampero-srl"],"aioseo_notices":[],"gutentor_comment":0,"jetpack_featured_media_url":"https:\/\/eldiariodesanpedro.com.ar\/sitio\/wp-content\/uploads\/2021\/09\/El-Pampero-Convocatoria-23-09-2021.jpg","jetpack_shortlink":"https:\/\/wp.me\/p6RhLt-pRH","jetpack_sharing_enabled":true,"_links":{"self":[{"href":"https:\/\/eldiariodesanpedro.com.ar\/sitio\/wp-json\/wp\/v2\/posts\/99429","targetHints":{"allow":["GET"]}}],"collection":[{"href":"https:\/\/eldiariodesanpedro.com.ar\/sitio\/wp-json\/wp\/v2\/posts"}],"about":[{"href":"https:\/\/eldiariodesanpedro.com.ar\/sitio\/wp-json\/wp\/v2\/types\/post"}],"author":[{"embeddable":true,"href":"https:\/\/eldiariodesanpedro.com.ar\/sitio\/wp-json\/wp\/v2\/users\/4"}],"replies":[{"embeddable":true,"href":"https:\/\/eldiariodesanpedro.com.ar\/sitio\/wp-json\/wp\/v2\/comments?post=99429"}],"version-history":[{"count":1,"href":"https:\/\/eldiariodesanpedro.com.ar\/sitio\/wp-json\/wp\/v2\/posts\/99429\/revisions"}],"predecessor-version":[{"id":99432,"href":"https:\/\/eldiariodesanpedro.com.ar\/sitio\/wp-json\/wp\/v2\/posts\/99429\/revisions\/99432"}],"wp:featuredmedia":[{"embeddable":true,"href":"https:\/\/eldiariodesanpedro.com.ar\/sitio\/wp-json\/wp\/v2\/media\/99431"}],"wp:attachment":[{"href":"https:\/\/eldiariodesanpedro.com.ar\/sitio\/wp-json\/wp\/v2\/media?parent=99429"}],"wp:term":[{"taxonomy":"category","embeddable":true,"href":"https:\/\/eldiariodesanpedro.com.ar\/sitio\/wp-json\/wp\/v2\/categories?post=99429"},{"taxonomy":"post_tag","embeddable":true,"href":"https:\/\/eldiariodesanpedro.com.ar\/sitio\/wp-json\/wp\/v2\/tags?post=99429"}],"curies":[{"name":"wp","href":"https:\/\/api.w.org\/{rel}","templated":true}]}}