{"id":99427,"date":"2021-09-23T11:32:42","date_gmt":"2021-09-23T14:32:42","guid":{"rendered":"https:\/\/eldiariodesanpedro.com.ar\/sitio\/?p=99427"},"modified":"2021-09-23T19:20:45","modified_gmt":"2021-09-23T22:20:45","slug":"otra-vez-robaron-a-mano-armada-en-el-apart-club-san-pedro-el-tercero-en-poco-tiempo-2","status":"publish","type":"post","link":"https:\/\/eldiariodesanpedro.com.ar\/sitio\/otra-vez-robaron-a-mano-armada-en-el-apart-club-san-pedro-el-tercero-en-poco-tiempo-2\/","title":{"rendered":"Otra vez robaron a mano armada en el Apart Club San Pedro, el tercero en poco tiempo"},"content":{"rendered":"<!-- VideographyWP Plugin Message: Automatic video embedding prevented by plugin options. -->\n\n<p>En la jornada de ayer se recibi\u00f3 una denuncia en la comisar\u00eda local donde se inform\u00f3 que dos personas ingresaron en una vivienda del Apart club San Pedro, y ya es el tercer il\u00edcito de esta manera que ocurre en ese lugar.<\/p>\n\n\n\n<p>Uno de los lugares que era m\u00e1s seguro en nuestra ciudad con custodia constante nuevamente fue vulnerado y en esta ocasi\u00f3n una mujer fue v\u00edctima de delincuentes que ingresaron a su propiedad.<\/p>\n\n\n\n<p>El siniestro tuvo lugar alrededor de las 23:30 hs en una de las vivienda ubicadas dentro del complejo Apart Club San Pedro ubicado en calle Lucio Mansilla al 7300 camino a Vuelta de Obligado, donde dos delincuentes armados ingresaron en una de las viviendas del lugar sustrayendo dinero en efectivo y un celular a una mujer, los malviviente habr\u00edan ingresado por una ventana.<\/p>\n\n\n\n<p>La polic\u00eda se hizo presente en el lugar para tratar de rastrillar a estos sujetos pero no pudieron dar con el paradero de los mismo teniendo en cuenta que es un predio muy grande.<\/p>\n\n\n\n<p>La investigaci\u00f3n se encuentra en curso por lo que no se otorgaron detalles del mismo por parte de la comisar\u00eda local.<\/p>\n","protected":false},"excerpt":{"rendered":"<p>En la jornada de ayer se recibi\u00f3 una denuncia en la comisar\u00eda local donde se inform\u00f3 que dos personas ingresaron en una vivienda del Apart club San Pedro, y ya es el tercer il\u00edcito de esta manera que ocurre en ese lugar. Uno de los lugares que era m\u00e1s seguro en nuestra ciudad con custodia [&hellip;]<\/p>\n","protected":false},"author":4,"featured_media":99425,"comment_status":"closed","ping_status":"closed","sticky":false,"template":"","format":"standard","meta":{"om_disable_all_campaigns":false,"_jetpack_memberships_contains_paid_content":false,"footnotes":""},"categories":[50,101,2],"tags":[2399,197,33,95,307,19],"class_list":["post-99427","post","type-post","status-publish","format-standard","has-post-thumbnail","hentry","category-destacadas","category-interes-general-locales","category-locales","tag-apart-club-san-pedro","tag-buenos-aires","tag-locales","tag-policiales","tag-robaron","tag-san-pedro"],"aioseo_notices":[],"gutentor_comment":0,"jetpack_featured_media_url":"https:\/\/eldiariodesanpedro.com.ar\/sitio\/wp-content\/uploads\/2021\/09\/apart-club-san-pedro.png","jetpack_shortlink":"https:\/\/wp.me\/p6RhLt-pRF","jetpack_sharing_enabled":true,"_links":{"self":[{"href":"https:\/\/eldiariodesanpedro.com.ar\/sitio\/wp-json\/wp\/v2\/posts\/99427","targetHints":{"allow":["GET"]}}],"collection":[{"href":"https:\/\/eldiariodesanpedro.com.ar\/sitio\/wp-json\/wp\/v2\/posts"}],"about":[{"href":"https:\/\/eldiariodesanpedro.com.ar\/sitio\/wp-json\/wp\/v2\/types\/post"}],"author":[{"embeddable":true,"href":"https:\/\/eldiariodesanpedro.com.ar\/sitio\/wp-json\/wp\/v2\/users\/4"}],"replies":[{"embeddable":true,"href":"https:\/\/eldiariodesanpedro.com.ar\/sitio\/wp-json\/wp\/v2\/comments?post=99427"}],"version-history":[{"count":2,"href":"https:\/\/eldiariodesanpedro.com.ar\/sitio\/wp-json\/wp\/v2\/posts\/99427\/revisions"}],"predecessor-version":[{"id":99430,"href":"https:\/\/eldiariodesanpedro.com.ar\/sitio\/wp-json\/wp\/v2\/posts\/99427\/revisions\/99430"}],"wp:featuredmedia":[{"embeddable":true,"href":"https:\/\/eldiariodesanpedro.com.ar\/sitio\/wp-json\/wp\/v2\/media\/99425"}],"wp:attachment":[{"href":"https:\/\/eldiariodesanpedro.com.ar\/sitio\/wp-json\/wp\/v2\/media?parent=99427"}],"wp:term":[{"taxonomy":"category","embeddable":true,"href":"https:\/\/eldiariodesanpedro.com.ar\/sitio\/wp-json\/wp\/v2\/categories?post=99427"},{"taxonomy":"post_tag","embeddable":true,"href":"https:\/\/eldiariodesanpedro.com.ar\/sitio\/wp-json\/wp\/v2\/tags?post=99427"}],"curies":[{"name":"wp","href":"https:\/\/api.w.org\/{rel}","templated":true}]}}