{"id":99418,"date":"2021-09-23T10:45:12","date_gmt":"2021-09-23T13:45:12","guid":{"rendered":"https:\/\/eldiariodesanpedro.com.ar\/sitio\/?p=99418"},"modified":"2021-09-23T10:45:16","modified_gmt":"2021-09-23T13:45:16","slug":"robaron-una-motococicleta-en-la-noche-de-ayer","status":"publish","type":"post","link":"https:\/\/eldiariodesanpedro.com.ar\/sitio\/robaron-una-motococicleta-en-la-noche-de-ayer\/","title":{"rendered":"Robaron una motococicleta en la noche de ayer"},"content":{"rendered":"<!-- VideographyWP Plugin Message: Automatic video embedding prevented by plugin options. -->\n\n<p>Este mi\u00e9rcoles alrededor de las 22 hs, se recibi\u00f3 la denuncia por parte de un ciudadano de 44 a\u00f1os, que en la tarde de hoy ignorados sustraen motocicleta de su propiedad la cual se encontraba estacionada fuera de su domicilio sito calle Caseros al 600.<\/p>\n","protected":false},"excerpt":{"rendered":"<p>Este mi\u00e9rcoles alrededor de las 22 hs, se recibi\u00f3 la denuncia por parte de un ciudadano de 44 a\u00f1os, que en la tarde de hoy ignorados sustraen motocicleta de su propiedad la cual se encontraba estacionada fuera de su domicilio sito calle Caseros al 600.<\/p>\n","protected":false},"author":4,"featured_media":78843,"comment_status":"closed","ping_status":"closed","sticky":false,"template":"","format":"standard","meta":{"om_disable_all_campaigns":false,"_jetpack_memberships_contains_paid_content":false,"footnotes":""},"categories":[2,103],"tags":[197,33,95,19],"class_list":["post-99418","post","type-post","status-publish","format-standard","has-post-thumbnail","hentry","category-locales","category-policiales-locales","tag-buenos-aires","tag-locales","tag-policiales","tag-san-pedro"],"aioseo_notices":[],"gutentor_comment":0,"jetpack_featured_media_url":"https:\/\/eldiariodesanpedro.com.ar\/sitio\/wp-content\/uploads\/2020\/08\/0.jpg","jetpack_shortlink":"https:\/\/wp.me\/p6RhLt-pRw","jetpack_sharing_enabled":true,"_links":{"self":[{"href":"https:\/\/eldiariodesanpedro.com.ar\/sitio\/wp-json\/wp\/v2\/posts\/99418","targetHints":{"allow":["GET"]}}],"collection":[{"href":"https:\/\/eldiariodesanpedro.com.ar\/sitio\/wp-json\/wp\/v2\/posts"}],"about":[{"href":"https:\/\/eldiariodesanpedro.com.ar\/sitio\/wp-json\/wp\/v2\/types\/post"}],"author":[{"embeddable":true,"href":"https:\/\/eldiariodesanpedro.com.ar\/sitio\/wp-json\/wp\/v2\/users\/4"}],"replies":[{"embeddable":true,"href":"https:\/\/eldiariodesanpedro.com.ar\/sitio\/wp-json\/wp\/v2\/comments?post=99418"}],"version-history":[{"count":1,"href":"https:\/\/eldiariodesanpedro.com.ar\/sitio\/wp-json\/wp\/v2\/posts\/99418\/revisions"}],"predecessor-version":[{"id":99419,"href":"https:\/\/eldiariodesanpedro.com.ar\/sitio\/wp-json\/wp\/v2\/posts\/99418\/revisions\/99419"}],"wp:featuredmedia":[{"embeddable":true,"href":"https:\/\/eldiariodesanpedro.com.ar\/sitio\/wp-json\/wp\/v2\/media\/78843"}],"wp:attachment":[{"href":"https:\/\/eldiariodesanpedro.com.ar\/sitio\/wp-json\/wp\/v2\/media?parent=99418"}],"wp:term":[{"taxonomy":"category","embeddable":true,"href":"https:\/\/eldiariodesanpedro.com.ar\/sitio\/wp-json\/wp\/v2\/categories?post=99418"},{"taxonomy":"post_tag","embeddable":true,"href":"https:\/\/eldiariodesanpedro.com.ar\/sitio\/wp-json\/wp\/v2\/tags?post=99418"}],"curies":[{"name":"wp","href":"https:\/\/api.w.org\/{rel}","templated":true}]}}