{"id":99414,"date":"2021-09-23T10:36:38","date_gmt":"2021-09-23T13:36:38","guid":{"rendered":"https:\/\/eldiariodesanpedro.com.ar\/sitio\/?p=99414"},"modified":"2021-09-23T10:36:44","modified_gmt":"2021-09-23T13:36:44","slug":"compro-un-repuesto-por-facebook-y-nunca-lo-recibio","status":"publish","type":"post","link":"https:\/\/eldiariodesanpedro.com.ar\/sitio\/compro-un-repuesto-por-facebook-y-nunca-lo-recibio\/","title":{"rendered":"Compro un repuesto por facebook y nunca lo recibi\u00f3"},"content":{"rendered":"<!-- VideographyWP Plugin Message: Automatic video embedding prevented by plugin options. -->\n\n<p>Denuncia de una persona que estafa a trav\u00e9s de las redes sociales al no recibir un repuesto que pag\u00f3.<\/p>\n\n\n\n<p>En la jornada de ayer el personal policial de la comisar\u00eda local recibi\u00f3 la denuncia de un ciudadano de 47 a\u00f1os, que el pasado d\u00eda 16 de&nbsp; septiembre realiza compra de repuesto para su autom\u00f3vil por red Social Facebook, que despu\u00e9s de haber realizado transferencia por monto de dinero pactado, el masculino con el cual realizaba el negocio corta todo tipo de comunicaci\u00f3n.<\/p>\n","protected":false},"excerpt":{"rendered":"<p>Denuncia de una persona que estafa a trav\u00e9s de las redes sociales al no recibir un repuesto que pag\u00f3. En la jornada de ayer el personal policial de la comisar\u00eda local recibi\u00f3 la denuncia de un ciudadano de 47 a\u00f1os, que el pasado d\u00eda 16 de&nbsp; septiembre realiza compra de repuesto para su autom\u00f3vil por [&hellip;]<\/p>\n","protected":false},"author":4,"featured_media":99416,"comment_status":"closed","ping_status":"closed","sticky":false,"template":"","format":"standard","meta":{"om_disable_all_campaigns":false,"_jetpack_memberships_contains_paid_content":false,"footnotes":""},"categories":[2,103],"tags":[197,696,33,19],"class_list":["post-99414","post","type-post","status-publish","format-standard","has-post-thumbnail","hentry","category-locales","category-policiales-locales","tag-buenos-aires","tag-interes-general","tag-locales","tag-san-pedro"],"aioseo_notices":[],"gutentor_comment":0,"jetpack_featured_media_url":"https:\/\/eldiariodesanpedro.com.ar\/sitio\/wp-content\/uploads\/2021\/09\/engano_por_Facebook.jpg","jetpack_shortlink":"https:\/\/wp.me\/p6RhLt-pRs","jetpack_sharing_enabled":true,"_links":{"self":[{"href":"https:\/\/eldiariodesanpedro.com.ar\/sitio\/wp-json\/wp\/v2\/posts\/99414","targetHints":{"allow":["GET"]}}],"collection":[{"href":"https:\/\/eldiariodesanpedro.com.ar\/sitio\/wp-json\/wp\/v2\/posts"}],"about":[{"href":"https:\/\/eldiariodesanpedro.com.ar\/sitio\/wp-json\/wp\/v2\/types\/post"}],"author":[{"embeddable":true,"href":"https:\/\/eldiariodesanpedro.com.ar\/sitio\/wp-json\/wp\/v2\/users\/4"}],"replies":[{"embeddable":true,"href":"https:\/\/eldiariodesanpedro.com.ar\/sitio\/wp-json\/wp\/v2\/comments?post=99414"}],"version-history":[{"count":1,"href":"https:\/\/eldiariodesanpedro.com.ar\/sitio\/wp-json\/wp\/v2\/posts\/99414\/revisions"}],"predecessor-version":[{"id":99417,"href":"https:\/\/eldiariodesanpedro.com.ar\/sitio\/wp-json\/wp\/v2\/posts\/99414\/revisions\/99417"}],"wp:featuredmedia":[{"embeddable":true,"href":"https:\/\/eldiariodesanpedro.com.ar\/sitio\/wp-json\/wp\/v2\/media\/99416"}],"wp:attachment":[{"href":"https:\/\/eldiariodesanpedro.com.ar\/sitio\/wp-json\/wp\/v2\/media?parent=99414"}],"wp:term":[{"taxonomy":"category","embeddable":true,"href":"https:\/\/eldiariodesanpedro.com.ar\/sitio\/wp-json\/wp\/v2\/categories?post=99414"},{"taxonomy":"post_tag","embeddable":true,"href":"https:\/\/eldiariodesanpedro.com.ar\/sitio\/wp-json\/wp\/v2\/tags?post=99414"}],"curies":[{"name":"wp","href":"https:\/\/api.w.org\/{rel}","templated":true}]}}