{"id":99412,"date":"2021-09-23T10:29:43","date_gmt":"2021-09-23T13:29:43","guid":{"rendered":"https:\/\/eldiariodesanpedro.com.ar\/sitio\/?p=99412"},"modified":"2021-09-23T10:29:48","modified_gmt":"2021-09-23T13:29:48","slug":"se-distribuira-una-identificacion-entre-las-inmobiliarias-que-participan-de-la-camara-de-martilleros-2","status":"publish","type":"post","link":"https:\/\/eldiariodesanpedro.com.ar\/sitio\/se-distribuira-una-identificacion-entre-las-inmobiliarias-que-participan-de-la-camara-de-martilleros-2\/","title":{"rendered":"Se distribuir\u00e1 una identificaci\u00f3n entre las inmobiliarias que participan de la C\u00e1mara de martilleros"},"content":{"rendered":"<!-- VideographyWP Plugin Message: Automatic video embedding prevented by plugin options. -->\n\n<p><strong>Se distribuir\u00e1 una identificaci\u00f3n entre las inmobiliarias que participan de la C\u00e1mara de martilleros y corredores p\u00fablicos, y contin\u00faa la revisi\u00f3n de tasaciones de propiedades en San Pedro.<\/strong><\/p>\n\n\n\n<p>La semana pasada se concret\u00f3 una nueva reuni\u00f3n de la C\u00e1mara de martilleros y corredores p\u00fablicos de San Pedro, continuando con el an\u00e1lisis de los temas planteados desde el sector.<\/p>\n\n\n\n<p>En este encuentro se revisaron las novedades del mercado inmobiliario y las repercusiones de la difusi\u00f3n p\u00fablica de las iniciativas que se compartieron con la comunidad en las \u00faltimas semanas.<\/p>\n\n\n\n<p>Se analizaron nuevos datos vinculados con la valuaci\u00f3n del metro cuadrado en departamentos, repasando cada uno de los edificios de nuestra ciudad, tomando en cuenta ubicaci\u00f3n, dise\u00f1o, detalles de funcionalidad, terminaciones, con\/sin cochera y antig\u00fcedad, etc.<\/p>\n\n\n\n<p>Con todos los datos y los c\u00e1lculos volcados, se est\u00e1n realizando nuevos par\u00e1metros de valor de tasaci\u00f3n y tambi\u00e9n valores posibles de venta de acuerdo al contexto actual, considerando la disminuci\u00f3n en la demanda de departamentos, que podr\u00eda estar influ\u00eda claramente por los efectos de la Pandemia.<\/p>\n\n\n\n<p>En esta reuni\u00f3n se present\u00f3 el modelo de calcoman\u00eda de identificaci\u00f3n que se colocar\u00e1 en el frente de las inmobiliarias pertenecientes a la entidad como una certificaci\u00f3n de confianza para quienes deseen realizar operaciones con el respaldo institucional que la C\u00e1mara representa.<\/p>\n\n\n\n<p>Para el pr\u00f3ximo encuentro se plantean temas tales como el an\u00e1lisis de la tasaci\u00f3n de locales comerciales y galpones y el ordenamiento de las \u00abautorizaciones de venta\u00bb que se debe contar desde las inmobiliarias,&nbsp;<strong>extendidas por los propietarios, para cumplir con todas las normas legales correspondientes.<\/strong><\/p>\n\n\n\n<p>La C\u00e1mara pone a disposici\u00f3n para cualquier duda o consulta relacionada con estos temas su correo electr\u00f3nico,&nbsp;<a href=\"http:\/\/camarademartilleros@gmail.com.\/\" target=\"_blank\" rel=\"noreferrer noopener\">camarademartilleros@gmail.com.<\/a><\/p>\n\n\n\n<p>Participaron en representaci\u00f3n de las inmobiliarias que forman parte de la C\u00e1mara, Carlos Luzzi, Ra\u00fal S\u00e1nchez Negrete, Marcos Penino, Marcelo Momo, Silvia Trani, Marta Hidalgo, Sandra Gerard, Jos\u00e9 Cremona, Emilio Fauro, Florencio Yabas, Jos\u00e9 S\u00e1nchez Negrete, Noem\u00ed Bordoy, Sergio Churruar\u00edn, Elena Troilo, Ariel Cacho, Gustavo Gonz\u00e1lez Truyol y Roberto Molteni.<\/p>\n\n\n\n<p>Informaron su ausencia previamente en representaci\u00f3n de sus inmobiliarias, David Spalla, Guillermo Grimoldi, Pedro Navines y Lorena Tonelli.<\/p>\n\n\n\n<p><strong>Desde la C\u00e1mara se invita a todas las inmobiliarias que a\u00fan no est\u00e1n participando a sumarse para que la unificaci\u00f3n de criterios y las opiniones de todos fortalezcan estas acciones que tienen por objetivo recuperar la necesaria din\u00e1mica del sector, despu\u00e9s de a\u00f1os tan complejos.<\/strong><\/p>\n","protected":false},"excerpt":{"rendered":"<p>Se distribuir\u00e1 una identificaci\u00f3n entre las inmobiliarias que participan de la C\u00e1mara de martilleros y corredores p\u00fablicos, y contin\u00faa la revisi\u00f3n de tasaciones de propiedades en San Pedro. La semana pasada se concret\u00f3 una nueva reuni\u00f3n de la C\u00e1mara de martilleros y corredores p\u00fablicos de San Pedro, continuando con el an\u00e1lisis de los temas planteados [&hellip;]<\/p>\n","protected":false},"author":4,"featured_media":99409,"comment_status":"closed","ping_status":"closed","sticky":false,"template":"","format":"standard","meta":{"om_disable_all_campaigns":false,"_jetpack_memberships_contains_paid_content":false,"footnotes":""},"categories":[101,2],"tags":[197,696,33,19],"class_list":["post-99412","post","type-post","status-publish","format-standard","has-post-thumbnail","hentry","category-interes-general-locales","category-locales","tag-buenos-aires","tag-interes-general","tag-locales","tag-san-pedro"],"aioseo_notices":[],"gutentor_comment":0,"jetpack_featured_media_url":"https:\/\/eldiariodesanpedro.com.ar\/sitio\/wp-content\/uploads\/2021\/09\/91a8e9d371610f6375febb99bff6b020.jpg","jetpack_shortlink":"https:\/\/wp.me\/p6RhLt-pRq","jetpack_sharing_enabled":true,"_links":{"self":[{"href":"https:\/\/eldiariodesanpedro.com.ar\/sitio\/wp-json\/wp\/v2\/posts\/99412","targetHints":{"allow":["GET"]}}],"collection":[{"href":"https:\/\/eldiariodesanpedro.com.ar\/sitio\/wp-json\/wp\/v2\/posts"}],"about":[{"href":"https:\/\/eldiariodesanpedro.com.ar\/sitio\/wp-json\/wp\/v2\/types\/post"}],"author":[{"embeddable":true,"href":"https:\/\/eldiariodesanpedro.com.ar\/sitio\/wp-json\/wp\/v2\/users\/4"}],"replies":[{"embeddable":true,"href":"https:\/\/eldiariodesanpedro.com.ar\/sitio\/wp-json\/wp\/v2\/comments?post=99412"}],"version-history":[{"count":1,"href":"https:\/\/eldiariodesanpedro.com.ar\/sitio\/wp-json\/wp\/v2\/posts\/99412\/revisions"}],"predecessor-version":[{"id":99413,"href":"https:\/\/eldiariodesanpedro.com.ar\/sitio\/wp-json\/wp\/v2\/posts\/99412\/revisions\/99413"}],"wp:featuredmedia":[{"embeddable":true,"href":"https:\/\/eldiariodesanpedro.com.ar\/sitio\/wp-json\/wp\/v2\/media\/99409"}],"wp:attachment":[{"href":"https:\/\/eldiariodesanpedro.com.ar\/sitio\/wp-json\/wp\/v2\/media?parent=99412"}],"wp:term":[{"taxonomy":"category","embeddable":true,"href":"https:\/\/eldiariodesanpedro.com.ar\/sitio\/wp-json\/wp\/v2\/categories?post=99412"},{"taxonomy":"post_tag","embeddable":true,"href":"https:\/\/eldiariodesanpedro.com.ar\/sitio\/wp-json\/wp\/v2\/tags?post=99412"}],"curies":[{"name":"wp","href":"https:\/\/api.w.org\/{rel}","templated":true}]}}