{"id":99396,"date":"2021-09-22T18:12:45","date_gmt":"2021-09-22T21:12:45","guid":{"rendered":"https:\/\/eldiariodesanpedro.com.ar\/sitio\/?p=99396"},"modified":"2021-09-22T18:12:49","modified_gmt":"2021-09-22T21:12:49","slug":"salazar-queremos-seguir-trabajando-para-cumplir-con-todos-los-barrios-y-las-localidades-de-san-pedro-que-estan-esperando-obras-desde-hace-mucho-tiempo","status":"publish","type":"post","link":"https:\/\/eldiariodesanpedro.com.ar\/sitio\/salazar-queremos-seguir-trabajando-para-cumplir-con-todos-los-barrios-y-las-localidades-de-san-pedro-que-estan-esperando-obras-desde-hace-mucho-tiempo\/","title":{"rendered":"Salazar: \u00abQueremos seguir trabajando para cumplir con todos los barrios y las localidades de San Pedro que est\u00e1n esperando obras desde hace mucho tiempo\u00bb"},"content":{"rendered":"<!-- VideographyWP Plugin Message: Automatic video embedding prevented by plugin options. -->\n\n<p>El Intendente Cecilio Salazar junto al Secretario de Coordinaci\u00f3n Ram\u00f3n Salazar y el Secretario de Obras P\u00fablicas Javier Silva, visit\u00f3 hoy la zona en la que est\u00e1n concluyendo los trabajos de pavimentaci\u00f3n de 63 cuadras, en el cuadrante comprendido por las calles R\u00f3mulo Na\u00f3n, Caseros, Chivilcoy y 3 de febrero.<\/p>\n\n\n\n<p>Una vez m\u00e1s comparti\u00f3, fundamentalmente con los vecinos, la satisfacci\u00f3n de haber logrado llegar a otro sector m\u00e1s de la ciudad, con una obra largamente esperada. Destac\u00f3 que en lo que va de la gesti\u00f3n ya se han pavimentado casi 1000 cuadras y que el atraso de este tipo de obras en San Pedro obliga a continuar gestionando la concreci\u00f3n de proyectos similares en todos los barrios y en las localidades.<\/p>\n\n\n\n<p>\u00abCada vez que mostramos el final de una obra, aparecen los mensajes que nos piden que no olvidemos otros barrios, y no los olvidamos, estamos comprometidos para ir cumpliendo con cada vecino y vecina de San Pedro\u00bb.<\/p>\n\n\n\n<p>El Secretario de Obras P\u00fablicas Javier Silva destac\u00f3 la multiplicidad de proyectos en marcha y remarc\u00f3 al igual que el Intendente, la importancia del apoyo de los gobiernos de Provincia y Naci\u00f3n para concretarlo.<\/p>\n\n\n\n<p>Adem\u00e1s de los bacheos en pavimentos de hormig\u00f3n en m\u00faltiples puntos de la ciudad, el acceso a Gobernador Castro de inminente finalizaci\u00f3n, la reparaci\u00f3n del cruce de 191 y 9 y la apertura de calles para la nueva terminal de \u00f3mnibus, comienza la pr\u00f3xima semana la obra de pavimentaci\u00f3n en 31 cuadras en el cuadrante de las calles Lucio Mansilla, Casella, Av. 11 de septiembre y Belgrano. En los pr\u00f3ximos 30 d\u00edas estar\u00eda inici\u00e1ndose la obra de pavimentaci\u00f3n de la Ruta 191 comenzando desde la ruta 9 hacia la 8 y con gestiones para incluir el pavimento de acceso a Santa Luc\u00eda y adem\u00e1s se reanudan planes de viviendas despu\u00e9s de 16 a\u00f1os y una gran cantidad de extensi\u00f3n de servicios b\u00e1sicos de iluminaci\u00f3n, agua y cloacas.<\/p>\n\n\n\n<p>Tambi\u00e9n en los pr\u00f3ximos d\u00edas se habilitar\u00e1 el nuevo sector de internaci\u00f3n del Hospital y se aguarda por la confirmaci\u00f3n de la ampliaci\u00f3n pre-aprobada para el laboratorio del Hospital.<\/p>\n\n\n\n<figure class=\"wp-block-image size-large\"><img decoding=\"async\" width=\"1024\" height=\"682\" data-attachment-id=\"99400\" data-permalink=\"https:\/\/eldiariodesanpedro.com.ar\/sitio\/salazar-queremos-seguir-trabajando-para-cumplir-con-todos-los-barrios-y-las-localidades-de-san-pedro-que-estan-esperando-obras-desde-hace-mucho-tiempo\/whatsapp-image-2021-09-22-at-15-38-22\/\" data-orig-file=\"https:\/\/eldiariodesanpedro.com.ar\/sitio\/wp-content\/uploads\/2021\/09\/WhatsApp-Image-2021-09-22-at-15.38.22.jpeg\" data-orig-size=\"1280,853\" data-comments-opened=\"0\" data-image-meta=\"{&quot;aperture&quot;:&quot;0&quot;,&quot;credit&quot;:&quot;&quot;,&quot;camera&quot;:&quot;&quot;,&quot;caption&quot;:&quot;&quot;,&quot;created_timestamp&quot;:&quot;0&quot;,&quot;copyright&quot;:&quot;&quot;,&quot;focal_length&quot;:&quot;0&quot;,&quot;iso&quot;:&quot;0&quot;,&quot;shutter_speed&quot;:&quot;0&quot;,&quot;title&quot;:&quot;&quot;,&quot;orientation&quot;:&quot;0&quot;}\" data-image-title=\"WhatsApp Image 2021-09-22 at 15.38.22\" data-image-description=\"\" data-image-caption=\"\" data-large-file=\"https:\/\/eldiariodesanpedro.com.ar\/sitio\/wp-content\/uploads\/2021\/09\/WhatsApp-Image-2021-09-22-at-15.38.22-1024x682.jpeg\" data-src=\"https:\/\/eldiariodesanpedro.com.ar\/sitio\/wp-content\/uploads\/2021\/09\/WhatsApp-Image-2021-09-22-at-15.38.22-1024x682.jpeg\" alt=\"\" class=\"wp-image-99400 lazyload\" data-srcset=\"https:\/\/eldiariodesanpedro.com.ar\/sitio\/wp-content\/uploads\/2021\/09\/WhatsApp-Image-2021-09-22-at-15.38.22-1024x682.jpeg 1024w, https:\/\/eldiariodesanpedro.com.ar\/sitio\/wp-content\/uploads\/2021\/09\/WhatsApp-Image-2021-09-22-at-15.38.22-300x200.jpeg 300w, https:\/\/eldiariodesanpedro.com.ar\/sitio\/wp-content\/uploads\/2021\/09\/WhatsApp-Image-2021-09-22-at-15.38.22-768x512.jpeg 768w, https:\/\/eldiariodesanpedro.com.ar\/sitio\/wp-content\/uploads\/2021\/09\/WhatsApp-Image-2021-09-22-at-15.38.22.jpeg 1280w\" data-sizes=\"(max-width: 1024px) 100vw, 1024px\" src=\"data:image\/svg+xml;base64,PHN2ZyB3aWR0aD0iMSIgaGVpZ2h0PSIxIiB4bWxucz0iaHR0cDovL3d3dy53My5vcmcvMjAwMC9zdmciPjwvc3ZnPg==\" style=\"--smush-placeholder-width: 1024px; --smush-placeholder-aspect-ratio: 1024\/682;\" \/><\/figure>\n\n\n\n<figure class=\"wp-block-image size-large\"><img decoding=\"async\" width=\"997\" height=\"1024\" data-attachment-id=\"99397\" data-permalink=\"https:\/\/eldiariodesanpedro.com.ar\/sitio\/salazar-queremos-seguir-trabajando-para-cumplir-con-todos-los-barrios-y-las-localidades-de-san-pedro-que-estan-esperando-obras-desde-hace-mucho-tiempo\/whatsapp-image-2021-09-22-at-15-38-19\/\" data-orig-file=\"https:\/\/eldiariodesanpedro.com.ar\/sitio\/wp-content\/uploads\/2021\/09\/WhatsApp-Image-2021-09-22-at-15.38.19.jpeg\" data-orig-size=\"1246,1280\" data-comments-opened=\"0\" data-image-meta=\"{&quot;aperture&quot;:&quot;0&quot;,&quot;credit&quot;:&quot;&quot;,&quot;camera&quot;:&quot;&quot;,&quot;caption&quot;:&quot;&quot;,&quot;created_timestamp&quot;:&quot;0&quot;,&quot;copyright&quot;:&quot;&quot;,&quot;focal_length&quot;:&quot;0&quot;,&quot;iso&quot;:&quot;0&quot;,&quot;shutter_speed&quot;:&quot;0&quot;,&quot;title&quot;:&quot;&quot;,&quot;orientation&quot;:&quot;0&quot;}\" data-image-title=\"WhatsApp Image 2021-09-22 at 15.38.19\" data-image-description=\"\" data-image-caption=\"\" data-large-file=\"https:\/\/eldiariodesanpedro.com.ar\/sitio\/wp-content\/uploads\/2021\/09\/WhatsApp-Image-2021-09-22-at-15.38.19-997x1024.jpeg\" data-src=\"https:\/\/eldiariodesanpedro.com.ar\/sitio\/wp-content\/uploads\/2021\/09\/WhatsApp-Image-2021-09-22-at-15.38.19-997x1024.jpeg\" alt=\"\" class=\"wp-image-99397 lazyload\" data-srcset=\"https:\/\/eldiariodesanpedro.com.ar\/sitio\/wp-content\/uploads\/2021\/09\/WhatsApp-Image-2021-09-22-at-15.38.19-997x1024.jpeg 997w, https:\/\/eldiariodesanpedro.com.ar\/sitio\/wp-content\/uploads\/2021\/09\/WhatsApp-Image-2021-09-22-at-15.38.19-292x300.jpeg 292w, https:\/\/eldiariodesanpedro.com.ar\/sitio\/wp-content\/uploads\/2021\/09\/WhatsApp-Image-2021-09-22-at-15.38.19-768x789.jpeg 768w, https:\/\/eldiariodesanpedro.com.ar\/sitio\/wp-content\/uploads\/2021\/09\/WhatsApp-Image-2021-09-22-at-15.38.19.jpeg 1246w\" data-sizes=\"(max-width: 997px) 100vw, 997px\" src=\"data:image\/svg+xml;base64,PHN2ZyB3aWR0aD0iMSIgaGVpZ2h0PSIxIiB4bWxucz0iaHR0cDovL3d3dy53My5vcmcvMjAwMC9zdmciPjwvc3ZnPg==\" style=\"--smush-placeholder-width: 997px; --smush-placeholder-aspect-ratio: 997\/1024;\" \/><\/figure>\n","protected":false},"excerpt":{"rendered":"<p>El Intendente Cecilio Salazar junto al Secretario de Coordinaci\u00f3n Ram\u00f3n Salazar y el Secretario de Obras P\u00fablicas Javier Silva, visit\u00f3 hoy la zona en la que est\u00e1n concluyendo los trabajos de pavimentaci\u00f3n de 63 cuadras, en el cuadrante comprendido por las calles R\u00f3mulo Na\u00f3n, Caseros, Chivilcoy y 3 de febrero. Una vez m\u00e1s comparti\u00f3, fundamentalmente [&hellip;]<\/p>\n","protected":false},"author":4,"featured_media":99402,"comment_status":"closed","ping_status":"closed","sticky":false,"template":"","format":"standard","meta":{"om_disable_all_campaigns":false,"_jetpack_memberships_contains_paid_content":false,"footnotes":""},"categories":[50,101,2],"tags":[197,696,33,19],"class_list":["post-99396","post","type-post","status-publish","format-standard","has-post-thumbnail","hentry","category-destacadas","category-interes-general-locales","category-locales","tag-buenos-aires","tag-interes-general","tag-locales","tag-san-pedro"],"aioseo_notices":[],"gutentor_comment":0,"jetpack_featured_media_url":"https:\/\/eldiariodesanpedro.com.ar\/sitio\/wp-content\/uploads\/2021\/09\/WhatsApp-Image-2021-09-22-at-15.38.24.jpeg","jetpack_shortlink":"https:\/\/wp.me\/p6RhLt-pRa","jetpack_sharing_enabled":true,"_links":{"self":[{"href":"https:\/\/eldiariodesanpedro.com.ar\/sitio\/wp-json\/wp\/v2\/posts\/99396","targetHints":{"allow":["GET"]}}],"collection":[{"href":"https:\/\/eldiariodesanpedro.com.ar\/sitio\/wp-json\/wp\/v2\/posts"}],"about":[{"href":"https:\/\/eldiariodesanpedro.com.ar\/sitio\/wp-json\/wp\/v2\/types\/post"}],"author":[{"embeddable":true,"href":"https:\/\/eldiariodesanpedro.com.ar\/sitio\/wp-json\/wp\/v2\/users\/4"}],"replies":[{"embeddable":true,"href":"https:\/\/eldiariodesanpedro.com.ar\/sitio\/wp-json\/wp\/v2\/comments?post=99396"}],"version-history":[{"count":1,"href":"https:\/\/eldiariodesanpedro.com.ar\/sitio\/wp-json\/wp\/v2\/posts\/99396\/revisions"}],"predecessor-version":[{"id":99403,"href":"https:\/\/eldiariodesanpedro.com.ar\/sitio\/wp-json\/wp\/v2\/posts\/99396\/revisions\/99403"}],"wp:featuredmedia":[{"embeddable":true,"href":"https:\/\/eldiariodesanpedro.com.ar\/sitio\/wp-json\/wp\/v2\/media\/99402"}],"wp:attachment":[{"href":"https:\/\/eldiariodesanpedro.com.ar\/sitio\/wp-json\/wp\/v2\/media?parent=99396"}],"wp:term":[{"taxonomy":"category","embeddable":true,"href":"https:\/\/eldiariodesanpedro.com.ar\/sitio\/wp-json\/wp\/v2\/categories?post=99396"},{"taxonomy":"post_tag","embeddable":true,"href":"https:\/\/eldiariodesanpedro.com.ar\/sitio\/wp-json\/wp\/v2\/tags?post=99396"}],"curies":[{"name":"wp","href":"https:\/\/api.w.org\/{rel}","templated":true}]}}