{"id":99389,"date":"2021-09-22T14:25:19","date_gmt":"2021-09-22T17:25:19","guid":{"rendered":"https:\/\/eldiariodesanpedro.com.ar\/sitio\/?p=99389"},"modified":"2021-09-22T14:25:22","modified_gmt":"2021-09-22T17:25:22","slug":"el-intendente-le-tomo-juramento-al-secretario-de-gobierno","status":"publish","type":"post","link":"https:\/\/eldiariodesanpedro.com.ar\/sitio\/el-intendente-le-tomo-juramento-al-secretario-de-gobierno\/","title":{"rendered":"El intendente le tom\u00f3 juramento al Secretario de Gobierno"},"content":{"rendered":"<!-- VideographyWP Plugin Message: Automatic video embedding prevented by plugin options. -->\n\n<p>Esta ma\u00f1ana, el intendente Cecilio Salazar le tom\u00f3 juramento al nuevo Secretario de Gobierno Pablo Vlaeminck en un acto del que participaron funcionarios del equipo de gobierno, integrantes de Concejo Deliberante, familiares y allegados.<\/p>\n\n\n\n<p>Antes de comenzar la jura, el jefe comunal se refiri\u00f3 a las responsabilidades que afrontar\u00e1 el nuevo Secretario de Gobierno y le agradeci\u00f3 que haya aceptado \u201cuna tarea dif\u00edcil la encomendada\u201d ya que \u201cSilvio Corti dej\u00f3 la vara alta\u201d pero se mostr\u00f3 seguro de que \u201cPablo va a estar en condiciones de afrontarlo\u201d.<\/p>\n\n\n\n<p>Por su parte, el nuevo funcionario se mostr\u00f3 orgulloso por la asignaci\u00f3n y se refiri\u00f3 al sacrificio que llevar\u00e1 su trabajo, tanto para \u00e9l como para su familia y que asume el compromiso con todos, todas y fundamentalmente con San Pedro.<\/p>\n","protected":false},"excerpt":{"rendered":"<p>Esta ma\u00f1ana, el intendente Cecilio Salazar le tom\u00f3 juramento al nuevo Secretario de Gobierno Pablo Vlaeminck en un acto del que participaron funcionarios del equipo de gobierno, integrantes de Concejo Deliberante, familiares y allegados. Antes de comenzar la jura, el jefe comunal se refiri\u00f3 a las responsabilidades que afrontar\u00e1 el nuevo Secretario de Gobierno y [&hellip;]<\/p>\n","protected":false},"author":4,"featured_media":99394,"comment_status":"closed","ping_status":"closed","sticky":false,"template":"","format":"standard","meta":{"om_disable_all_campaigns":false,"_jetpack_memberships_contains_paid_content":false,"footnotes":""},"categories":[50,101,2],"tags":[197,696,33,19],"class_list":["post-99389","post","type-post","status-publish","format-standard","has-post-thumbnail","hentry","category-destacadas","category-interes-general-locales","category-locales","tag-buenos-aires","tag-interes-general","tag-locales","tag-san-pedro"],"aioseo_notices":[],"gutentor_comment":0,"jetpack_featured_media_url":"https:\/\/eldiariodesanpedro.com.ar\/sitio\/wp-content\/uploads\/2021\/09\/WhatsApp-Image-2021-09-22-at-13.50.32.jpeg","jetpack_shortlink":"https:\/\/wp.me\/p6RhLt-pR3","jetpack_sharing_enabled":true,"_links":{"self":[{"href":"https:\/\/eldiariodesanpedro.com.ar\/sitio\/wp-json\/wp\/v2\/posts\/99389","targetHints":{"allow":["GET"]}}],"collection":[{"href":"https:\/\/eldiariodesanpedro.com.ar\/sitio\/wp-json\/wp\/v2\/posts"}],"about":[{"href":"https:\/\/eldiariodesanpedro.com.ar\/sitio\/wp-json\/wp\/v2\/types\/post"}],"author":[{"embeddable":true,"href":"https:\/\/eldiariodesanpedro.com.ar\/sitio\/wp-json\/wp\/v2\/users\/4"}],"replies":[{"embeddable":true,"href":"https:\/\/eldiariodesanpedro.com.ar\/sitio\/wp-json\/wp\/v2\/comments?post=99389"}],"version-history":[{"count":1,"href":"https:\/\/eldiariodesanpedro.com.ar\/sitio\/wp-json\/wp\/v2\/posts\/99389\/revisions"}],"predecessor-version":[{"id":99395,"href":"https:\/\/eldiariodesanpedro.com.ar\/sitio\/wp-json\/wp\/v2\/posts\/99389\/revisions\/99395"}],"wp:featuredmedia":[{"embeddable":true,"href":"https:\/\/eldiariodesanpedro.com.ar\/sitio\/wp-json\/wp\/v2\/media\/99394"}],"wp:attachment":[{"href":"https:\/\/eldiariodesanpedro.com.ar\/sitio\/wp-json\/wp\/v2\/media?parent=99389"}],"wp:term":[{"taxonomy":"category","embeddable":true,"href":"https:\/\/eldiariodesanpedro.com.ar\/sitio\/wp-json\/wp\/v2\/categories?post=99389"},{"taxonomy":"post_tag","embeddable":true,"href":"https:\/\/eldiariodesanpedro.com.ar\/sitio\/wp-json\/wp\/v2\/tags?post=99389"}],"curies":[{"name":"wp","href":"https:\/\/api.w.org\/{rel}","templated":true}]}}