{"id":99384,"date":"2021-09-22T12:05:54","date_gmt":"2021-09-22T15:05:54","guid":{"rendered":"https:\/\/eldiariodesanpedro.com.ar\/sitio\/?p=99384"},"modified":"2021-09-22T12:05:59","modified_gmt":"2021-09-22T15:05:59","slug":"accidente-en-la-zona-costanera-con-una-persona-herida","status":"publish","type":"post","link":"https:\/\/eldiariodesanpedro.com.ar\/sitio\/accidente-en-la-zona-costanera-con-una-persona-herida\/","title":{"rendered":"Accidente en la zona costanera con una persona herida"},"content":{"rendered":"<!-- VideographyWP Plugin Message: Automatic video embedding prevented by plugin options. -->\n\n<p>En la zona de la costanera de nuestra ciudad ocurrio un siniestro donde donde un vehiculo colisono contra una motocicleta resultando una persona herida.<\/p>\n\n\n\n<p>En la jornada de ayer martes promediando las 15 horas la polic\u00eda intervino en un accidente de tr\u00e1nsito donde por causas se establecen colisionaron una motocicleta 125 cc y un autom\u00f3vil Ford Ecosport <\/p>\n\n\n\n<p>Como resultado que el conductor de la moto un masculino mayor de edad de 21 a\u00f1os, sufri\u00f3 un trauma en el miembro inferior, el conductor del rodado mayor un hombre de 75 a\u00f1os, result\u00f3 ileso.<\/p>\n","protected":false},"excerpt":{"rendered":"<p>En la zona de la costanera de nuestra ciudad ocurrio un siniestro donde donde un vehiculo colisono contra una motocicleta resultando una persona herida. En la jornada de ayer martes promediando las 15 horas la polic\u00eda intervino en un accidente de tr\u00e1nsito donde por causas se establecen colisionaron una motocicleta 125 cc y un autom\u00f3vil [&hellip;]<\/p>\n","protected":false},"author":4,"featured_media":99385,"comment_status":"closed","ping_status":"closed","sticky":false,"template":"","format":"standard","meta":{"om_disable_all_campaigns":false,"_jetpack_memberships_contains_paid_content":false,"footnotes":""},"categories":[2],"tags":[197,33,95,19],"class_list":["post-99384","post","type-post","status-publish","format-standard","has-post-thumbnail","hentry","category-locales","tag-buenos-aires","tag-locales","tag-policiales","tag-san-pedro"],"aioseo_notices":[],"gutentor_comment":0,"jetpack_featured_media_url":"https:\/\/eldiariodesanpedro.com.ar\/sitio\/wp-content\/uploads\/2021\/09\/medida-4-1.jpg","jetpack_shortlink":"https:\/\/wp.me\/p6RhLt-pQY","jetpack_sharing_enabled":true,"_links":{"self":[{"href":"https:\/\/eldiariodesanpedro.com.ar\/sitio\/wp-json\/wp\/v2\/posts\/99384","targetHints":{"allow":["GET"]}}],"collection":[{"href":"https:\/\/eldiariodesanpedro.com.ar\/sitio\/wp-json\/wp\/v2\/posts"}],"about":[{"href":"https:\/\/eldiariodesanpedro.com.ar\/sitio\/wp-json\/wp\/v2\/types\/post"}],"author":[{"embeddable":true,"href":"https:\/\/eldiariodesanpedro.com.ar\/sitio\/wp-json\/wp\/v2\/users\/4"}],"replies":[{"embeddable":true,"href":"https:\/\/eldiariodesanpedro.com.ar\/sitio\/wp-json\/wp\/v2\/comments?post=99384"}],"version-history":[{"count":1,"href":"https:\/\/eldiariodesanpedro.com.ar\/sitio\/wp-json\/wp\/v2\/posts\/99384\/revisions"}],"predecessor-version":[{"id":99386,"href":"https:\/\/eldiariodesanpedro.com.ar\/sitio\/wp-json\/wp\/v2\/posts\/99384\/revisions\/99386"}],"wp:featuredmedia":[{"embeddable":true,"href":"https:\/\/eldiariodesanpedro.com.ar\/sitio\/wp-json\/wp\/v2\/media\/99385"}],"wp:attachment":[{"href":"https:\/\/eldiariodesanpedro.com.ar\/sitio\/wp-json\/wp\/v2\/media?parent=99384"}],"wp:term":[{"taxonomy":"category","embeddable":true,"href":"https:\/\/eldiariodesanpedro.com.ar\/sitio\/wp-json\/wp\/v2\/categories?post=99384"},{"taxonomy":"post_tag","embeddable":true,"href":"https:\/\/eldiariodesanpedro.com.ar\/sitio\/wp-json\/wp\/v2\/tags?post=99384"}],"curies":[{"name":"wp","href":"https:\/\/api.w.org\/{rel}","templated":true}]}}