{"id":99367,"date":"2021-09-22T10:46:36","date_gmt":"2021-09-22T13:46:36","guid":{"rendered":"https:\/\/eldiariodesanpedro.com.ar\/sitio\/?p=99367"},"modified":"2021-09-22T10:46:40","modified_gmt":"2021-09-22T13:46:40","slug":"un-joven-aprehendido-por-agredir-a-su-hermano","status":"publish","type":"post","link":"https:\/\/eldiariodesanpedro.com.ar\/sitio\/un-joven-aprehendido-por-agredir-a-su-hermano\/","title":{"rendered":"Un joven aprehendido por agredir a su hermano"},"content":{"rendered":"<!-- VideographyWP Plugin Message: Automatic video embedding prevented by plugin options. -->\n\n<p>Est\u00e9 martes siendo las 22 horas el personal policial en interior del Hospital Subzonal San Pedro, ubicado en calle Auli y 25 de Mayo, procede a la aprehensi\u00f3n de un joven de 20 a\u00f1os de edad, quien agredi\u00f3 con golpes de pu\u00f1o a su hermano de 18 a\u00f1os de edad.&nbsp;<\/p>\n\n\n\n<p>Ambos hab\u00edan arribado al nosocomio tras la reyerta en su domicilio de Jaier Rivero al 1900.&nbsp;<\/p>\n\n\n\n<p>Los dos casos sufrieron lesiones leves el de 18 fue dado de alta voluntaria, mientras su hermano aprehendido permanece en sede policial<\/p>\n","protected":false},"excerpt":{"rendered":"<p>Est\u00e9 martes siendo las 22 horas el personal policial en interior del Hospital Subzonal San Pedro, ubicado en calle Auli y 25 de Mayo, procede a la aprehensi\u00f3n de un joven de 20 a\u00f1os de edad, quien agredi\u00f3 con golpes de pu\u00f1o a su hermano de 18 a\u00f1os de edad.&nbsp; Ambos hab\u00edan arribado al nosocomio [&hellip;]<\/p>\n","protected":false},"author":4,"featured_media":99368,"comment_status":"closed","ping_status":"closed","sticky":false,"template":"","format":"standard","meta":{"om_disable_all_campaigns":false,"_jetpack_memberships_contains_paid_content":false,"footnotes":""},"categories":[2,103],"tags":[197,696,33,19],"class_list":["post-99367","post","type-post","status-publish","format-standard","has-post-thumbnail","hentry","category-locales","category-policiales-locales","tag-buenos-aires","tag-interes-general","tag-locales","tag-san-pedro"],"aioseo_notices":[],"gutentor_comment":0,"jetpack_featured_media_url":"https:\/\/eldiariodesanpedro.com.ar\/sitio\/wp-content\/uploads\/2021\/09\/medida-3-2.jpg","jetpack_shortlink":"https:\/\/wp.me\/p6RhLt-pQH","jetpack_sharing_enabled":true,"_links":{"self":[{"href":"https:\/\/eldiariodesanpedro.com.ar\/sitio\/wp-json\/wp\/v2\/posts\/99367","targetHints":{"allow":["GET"]}}],"collection":[{"href":"https:\/\/eldiariodesanpedro.com.ar\/sitio\/wp-json\/wp\/v2\/posts"}],"about":[{"href":"https:\/\/eldiariodesanpedro.com.ar\/sitio\/wp-json\/wp\/v2\/types\/post"}],"author":[{"embeddable":true,"href":"https:\/\/eldiariodesanpedro.com.ar\/sitio\/wp-json\/wp\/v2\/users\/4"}],"replies":[{"embeddable":true,"href":"https:\/\/eldiariodesanpedro.com.ar\/sitio\/wp-json\/wp\/v2\/comments?post=99367"}],"version-history":[{"count":1,"href":"https:\/\/eldiariodesanpedro.com.ar\/sitio\/wp-json\/wp\/v2\/posts\/99367\/revisions"}],"predecessor-version":[{"id":99369,"href":"https:\/\/eldiariodesanpedro.com.ar\/sitio\/wp-json\/wp\/v2\/posts\/99367\/revisions\/99369"}],"wp:featuredmedia":[{"embeddable":true,"href":"https:\/\/eldiariodesanpedro.com.ar\/sitio\/wp-json\/wp\/v2\/media\/99368"}],"wp:attachment":[{"href":"https:\/\/eldiariodesanpedro.com.ar\/sitio\/wp-json\/wp\/v2\/media?parent=99367"}],"wp:term":[{"taxonomy":"category","embeddable":true,"href":"https:\/\/eldiariodesanpedro.com.ar\/sitio\/wp-json\/wp\/v2\/categories?post=99367"},{"taxonomy":"post_tag","embeddable":true,"href":"https:\/\/eldiariodesanpedro.com.ar\/sitio\/wp-json\/wp\/v2\/tags?post=99367"}],"curies":[{"name":"wp","href":"https:\/\/api.w.org\/{rel}","templated":true}]}}