{"id":99362,"date":"2021-09-22T10:32:58","date_gmt":"2021-09-22T13:32:58","guid":{"rendered":"https:\/\/eldiariodesanpedro.com.ar\/sitio\/?p=99362"},"modified":"2021-09-22T10:33:01","modified_gmt":"2021-09-22T13:33:01","slug":"ciudadano-aprehendido-por-tratar-de-agredir-a-los-efectivos-policiales","status":"publish","type":"post","link":"https:\/\/eldiariodesanpedro.com.ar\/sitio\/ciudadano-aprehendido-por-tratar-de-agredir-a-los-efectivos-policiales\/","title":{"rendered":"Ciudadano aprehendido por tratar de agredir a los efectivos policiales"},"content":{"rendered":"<!-- VideographyWP Plugin Message: Automatic video embedding prevented by plugin options. -->\n\n<p>Este martes siendo aproximadamente las 20 horas, el personal del Destacamento R\u00edo Tala, en callej\u00f3n rural s\/n, aprehendi\u00f3 a un ciudadano de 32 a\u00f1os de edad, quien al ser interceptado por el movil policial comienza a incitar a la pelea, quien adem\u00e1s conduc\u00eda una motocicleta 110 cc la cual carece documentaci\u00f3n correspondiente para circular.\u00a0<\/p>\n\n\n\n<p>Intervino el Juzgado de Paz San Pedro y el rodado se procedi\u00f3 al secuestro\u00a0 por Infracci\u00f3n a la Ley 24.449 con intervenci\u00f3n del Juzgado de Faltas de San Pedro.<\/p>\n\n\n\n<figure class=\"wp-block-image size-full\"><img decoding=\"async\" width=\"673\" height=\"825\" data-attachment-id=\"99364\" data-permalink=\"https:\/\/eldiariodesanpedro.com.ar\/sitio\/ciudadano-aprehendido-por-tratar-de-agredir-a-los-efectivos-policiales\/whatsapp-image-2021-09-22-at-10-09-52\/\" data-orig-file=\"https:\/\/eldiariodesanpedro.com.ar\/sitio\/wp-content\/uploads\/2021\/09\/WhatsApp-Image-2021-09-22-at-10.09.52.jpeg\" data-orig-size=\"673,825\" data-comments-opened=\"0\" data-image-meta=\"{&quot;aperture&quot;:&quot;0&quot;,&quot;credit&quot;:&quot;&quot;,&quot;camera&quot;:&quot;&quot;,&quot;caption&quot;:&quot;&quot;,&quot;created_timestamp&quot;:&quot;0&quot;,&quot;copyright&quot;:&quot;&quot;,&quot;focal_length&quot;:&quot;0&quot;,&quot;iso&quot;:&quot;0&quot;,&quot;shutter_speed&quot;:&quot;0&quot;,&quot;title&quot;:&quot;&quot;,&quot;orientation&quot;:&quot;0&quot;}\" data-image-title=\"WhatsApp Image 2021-09-22 at 10.09.52\" data-image-description=\"\" data-image-caption=\"\" data-large-file=\"https:\/\/eldiariodesanpedro.com.ar\/sitio\/wp-content\/uploads\/2021\/09\/WhatsApp-Image-2021-09-22-at-10.09.52.jpeg\" data-src=\"https:\/\/eldiariodesanpedro.com.ar\/sitio\/wp-content\/uploads\/2021\/09\/WhatsApp-Image-2021-09-22-at-10.09.52.jpeg\" alt=\"\" class=\"wp-image-99364 lazyload\" data-srcset=\"https:\/\/eldiariodesanpedro.com.ar\/sitio\/wp-content\/uploads\/2021\/09\/WhatsApp-Image-2021-09-22-at-10.09.52.jpeg 673w, https:\/\/eldiariodesanpedro.com.ar\/sitio\/wp-content\/uploads\/2021\/09\/WhatsApp-Image-2021-09-22-at-10.09.52-245x300.jpeg 245w\" data-sizes=\"(max-width: 673px) 100vw, 673px\" src=\"data:image\/svg+xml;base64,PHN2ZyB3aWR0aD0iMSIgaGVpZ2h0PSIxIiB4bWxucz0iaHR0cDovL3d3dy53My5vcmcvMjAwMC9zdmciPjwvc3ZnPg==\" style=\"--smush-placeholder-width: 673px; --smush-placeholder-aspect-ratio: 673\/825;\" \/><\/figure>\n","protected":false},"excerpt":{"rendered":"<p>Este martes siendo aproximadamente las 20 horas, el personal del Destacamento R\u00edo Tala, en callej\u00f3n rural s\/n, aprehendi\u00f3 a un ciudadano de 32 a\u00f1os de edad, quien al ser interceptado por el movil policial comienza a incitar a la pelea, quien adem\u00e1s conduc\u00eda una motocicleta 110 cc la cual carece documentaci\u00f3n correspondiente para circular.\u00a0 Intervino [&hellip;]<\/p>\n","protected":false},"author":4,"featured_media":99363,"comment_status":"closed","ping_status":"closed","sticky":false,"template":"","format":"standard","meta":{"om_disable_all_campaigns":false,"_jetpack_memberships_contains_paid_content":false,"footnotes":""},"categories":[2,103],"tags":[197,696,33,19],"class_list":["post-99362","post","type-post","status-publish","format-standard","has-post-thumbnail","hentry","category-locales","category-policiales-locales","tag-buenos-aires","tag-interes-general","tag-locales","tag-san-pedro"],"aioseo_notices":[],"gutentor_comment":0,"jetpack_featured_media_url":"https:\/\/eldiariodesanpedro.com.ar\/sitio\/wp-content\/uploads\/2021\/09\/WhatsApp-Image-2021-09-22-at-10.09.40.jpeg","jetpack_shortlink":"https:\/\/wp.me\/p6RhLt-pQC","jetpack_sharing_enabled":true,"_links":{"self":[{"href":"https:\/\/eldiariodesanpedro.com.ar\/sitio\/wp-json\/wp\/v2\/posts\/99362","targetHints":{"allow":["GET"]}}],"collection":[{"href":"https:\/\/eldiariodesanpedro.com.ar\/sitio\/wp-json\/wp\/v2\/posts"}],"about":[{"href":"https:\/\/eldiariodesanpedro.com.ar\/sitio\/wp-json\/wp\/v2\/types\/post"}],"author":[{"embeddable":true,"href":"https:\/\/eldiariodesanpedro.com.ar\/sitio\/wp-json\/wp\/v2\/users\/4"}],"replies":[{"embeddable":true,"href":"https:\/\/eldiariodesanpedro.com.ar\/sitio\/wp-json\/wp\/v2\/comments?post=99362"}],"version-history":[{"count":1,"href":"https:\/\/eldiariodesanpedro.com.ar\/sitio\/wp-json\/wp\/v2\/posts\/99362\/revisions"}],"predecessor-version":[{"id":99366,"href":"https:\/\/eldiariodesanpedro.com.ar\/sitio\/wp-json\/wp\/v2\/posts\/99362\/revisions\/99366"}],"wp:featuredmedia":[{"embeddable":true,"href":"https:\/\/eldiariodesanpedro.com.ar\/sitio\/wp-json\/wp\/v2\/media\/99363"}],"wp:attachment":[{"href":"https:\/\/eldiariodesanpedro.com.ar\/sitio\/wp-json\/wp\/v2\/media?parent=99362"}],"wp:term":[{"taxonomy":"category","embeddable":true,"href":"https:\/\/eldiariodesanpedro.com.ar\/sitio\/wp-json\/wp\/v2\/categories?post=99362"},{"taxonomy":"post_tag","embeddable":true,"href":"https:\/\/eldiariodesanpedro.com.ar\/sitio\/wp-json\/wp\/v2\/tags?post=99362"}],"curies":[{"name":"wp","href":"https:\/\/api.w.org\/{rel}","templated":true}]}}