{"id":9936,"date":"2016-11-08T20:11:56","date_gmt":"2016-11-08T23:11:56","guid":{"rendered":"https:\/\/eldiariodesanpedro.com.ar\/sitio\/?p=9936"},"modified":"2016-11-08T20:33:51","modified_gmt":"2016-11-08T23:33:51","slug":"los-mas-de-10-000-000-que-mando-la-provincia-para-seguridad-hoy-no-los-vemos-plasmados","status":"publish","type":"post","link":"https:\/\/eldiariodesanpedro.com.ar\/sitio\/los-mas-de-10-000-000-que-mando-la-provincia-para-seguridad-hoy-no-los-vemos-plasmados\/","title":{"rendered":"\u00abLos m\u00e1s de $10.000.000 que mand\u00f3 la Provincia para seguridad hoy no los vemos plasmados\u00bb"},"content":{"rendered":"<p><!-- VideographyWP Plugin Message: Automatic video embedding prevented by plugin options. --><br \/>\nDialogamos en la ma\u00f1ana de hoy con el Dr. Ariel Ramanzini en el Honorable Concejo Deliberante de nuestra ciudad, donde nos habl\u00f3 sobre la inseguridad y sobre lo sucedido con \u00c1ngel Burgos el viernes pasado. <\/p>\n<p>Seg\u00fan el Dr. Ramanzini: \u201cNo es normal que venga un funcionario del Ejecutivo a plantearle a los concejales de la oposici\u00f3n. Sucedi\u00f3 esto de que plante\u00f3 que se siente solo, que manifest\u00f3 esta situaci\u00f3n y nosotros lo vemos con mucha preocupaci\u00f3n porque queremos lo mejor para San Pedro, queremos que realmente haya un combate contra la inseguridad, que realmente se preste la colaboraci\u00f3n que se tiene que prestar\u00bb.<\/p>\n<p>\u00abRepentinamente surgi\u00f3 esta convocatoria de parte del intendente para explicarnos cu\u00e1l era la situaci\u00f3n. Tambi\u00e9n vimos de parte de \u00e9l, esta vez s\u00ed, lo que nosotros est\u00e1bamos pidiendo desde ya hace mucho tiempo, que es que nos convoque para que podamos con ellos intercambiar ideas con respecto al tema de seguridad. La seguridad es un tema que nos afecta a todos: cuando la gente viene y protesta, protesta en el Concejo Deliberante, protesta al intendente. Si bien es el intendente el que puede tomar algunas medidas y es la polic\u00eda la que debe actuar, cuando reclama la gente nos reclaman a todos\u00bb, se\u00f1al\u00f3 el edil. <\/p>\n<p>Luego, continu\u00f3 la entrevista dici\u00e9ndonos: \u00abNosotros en esta cuesti\u00f3n hemos planteado herramientas concretas de lucha contra la inseguridad, que tienen que ver con el programa de seguridad que establece las cuestiones que atender para luchar contra la inseguridad y as\u00ed lo hemos venido planteando hace tiempo. Hemos pedido informes para ver lo qu\u00e9 hab\u00eda sucedido con los fondos de seguridad, \u00bfen qu\u00e9 se hab\u00edan utilizado? Hay que comprar m\u00e1s c\u00e1maras de seguridad, hay que trabajar m\u00e1s desde el \u00e1mbito social, hay que controlar los ingresos y egresos de la ciudad, hay que establecer zonas de patrullajes, hay que tener un mapa del delito para ver en d\u00f3nde tenemos que trabajar. En todas estas cuestiones profundas son en las que nosotros queremos decirle al intendente que queremos colaborar, no es solamente criticar lo que hace el intendente\u00bb.<\/p>\n<p>Adem\u00e1s, Ramanzini tambi\u00e9n nos dio su opini\u00f3n sobre lo que ve en la sociedad de San Pedro relacionado al tema de la inseguridad: \u00abLa gente tiene mucho miedo hoy de salir a la calle. Hay cuestiones que s\u00ed se est\u00e1n atacando, como lo que tiene que ver con el tr\u00e1nsito, o lo que tiene que ver con la balanza de los camiones areneros. Pero en lo que es inseguridad en s\u00ed, nosotros no vemos ning\u00fan tipo de avance y eso es lo que nos viene preocupando much\u00edsimo. Es la cuesti\u00f3n que m\u00e1s le importa a la gente hoy sobre todas las cuestiones: es la inseguridad por encima de la generaci\u00f3n de trabajo y por encima de cualquier otro inconveniente que podamos tener\u201d.<\/p>\n<p>Siguiendo con el tema de la inseguridad que tanto perjudica a los sampedrinos agreg\u00f3: \u00abNosotro queremos profundizar para que espec\u00edficamente haya pol\u00edticas p\u00fablicas para combatir en serio la inseguridad, que no sea solamente una manifestaci\u00f3n o una preocupaci\u00f3n, sino que se trabaje con esto. Que realmente se empiece a demostrar que esos fondos que mand\u00f3 la Provincia, que ascienden a m\u00e1s de $10.000.000, realmente se utilizan en seguridad, porque no los vemos hoy plasmados\u00bb.<\/p>\n<p>En cuanto a lo sucedido con \u00c1ngel Burgos, Ramanzini a\u00f1adi\u00f3: \u00abLo que se plantea ac\u00e1 es la falta de colaboraci\u00f3n y la falta de apoyo de parte de Roleri. Esto es lo que hab\u00eda planteado Burgos en su momento y eso es lo que nosotros queremos charlar con las fuerzas de seguridad. Ha sido desagradable que el propio Burgos se haya vuelto atr\u00e1s en decir que realmente no es lo que dijo, que no hay ning\u00fan tipo de problema. Creo que ha sufrido alg\u00fan tipo de presi\u00f3n de parte de sus jefes para manifestar eso, y eso es lo que nosotros vemos mal\u00bb.<\/p>\n<p>El edil tambi\u00e9n se refiri\u00f3 a las acciones que est\u00e1 llevando a cabo el bloque. En el transcurso de la semana, han visitado la localidad de Santa Luc\u00eda, donde les han pedido que averig\u00fcen cu\u00e1l era motivo que demor\u00f3 el colocado de las c\u00e1maras de seguridad que les hab\u00edan prometido. Asimismo, se est\u00e1 trabajando en la cuesti\u00f3n del boleto estudiantil, ya que hay una ley provincial que no se ha aplicado todav\u00eda. Si bien est\u00e1 reglamentada, la Justicia determin\u00f3 que se tiene que aplicar, pero hasta el d\u00eda de la fecha esto no ha sucedido. Seg\u00fan expresa Ramanzini, lo que ellos hicieron fue un proyecto de ordenanza para que se utilice dinero del fondo educativo y que de esa manera pueda haber un boleto estudiantil gratuito para todos los alumnos y profesores de San Pedro.<\/p>\n<p>Finalmente, el Dr. Ramanzini concluy\u00f3 diciendo que tiene que quedar claro que, desde su lugar en el Concejo, se encuentran absolutamente preocupados y que van a ayudar al intendente a solucionar el problema de la seguridad siempre y cuando les den la oportunidad de hacerlo.<\/p>\n","protected":false},"excerpt":{"rendered":"<p>Dialogamos en la ma\u00f1ana de hoy con el Dr. Ariel Ramanzini en el Honorable Concejo Deliberante de nuestra ciudad, donde nos habl\u00f3 sobre la inseguridad y sobre lo sucedido con \u00c1ngel Burgos el viernes pasado. Seg\u00fan el Dr. Ramanzini: \u201cNo es normal que venga un funcionario del Ejecutivo a plantearle a los concejales de la [&hellip;]<\/p>\n","protected":false},"author":4,"featured_media":9938,"comment_status":"open","ping_status":"closed","sticky":false,"template":"","format":"standard","meta":{"om_disable_all_campaigns":false,"_jetpack_memberships_contains_paid_content":false,"footnotes":""},"categories":[50,2,102],"tags":[],"class_list":["post-9936","post","type-post","status-publish","format-standard","has-post-thumbnail","hentry","category-destacadas","category-locales","category-politica-locales"],"aioseo_notices":[],"gutentor_comment":0,"jetpack_featured_media_url":"https:\/\/eldiariodesanpedro.com.ar\/sitio\/wp-content\/uploads\/2016\/11\/pagina-5.jpg","jetpack_shortlink":"https:\/\/wp.me\/p6RhLt-2Ag","jetpack_sharing_enabled":true,"_links":{"self":[{"href":"https:\/\/eldiariodesanpedro.com.ar\/sitio\/wp-json\/wp\/v2\/posts\/9936","targetHints":{"allow":["GET"]}}],"collection":[{"href":"https:\/\/eldiariodesanpedro.com.ar\/sitio\/wp-json\/wp\/v2\/posts"}],"about":[{"href":"https:\/\/eldiariodesanpedro.com.ar\/sitio\/wp-json\/wp\/v2\/types\/post"}],"author":[{"embeddable":true,"href":"https:\/\/eldiariodesanpedro.com.ar\/sitio\/wp-json\/wp\/v2\/users\/4"}],"replies":[{"embeddable":true,"href":"https:\/\/eldiariodesanpedro.com.ar\/sitio\/wp-json\/wp\/v2\/comments?post=9936"}],"version-history":[{"count":5,"href":"https:\/\/eldiariodesanpedro.com.ar\/sitio\/wp-json\/wp\/v2\/posts\/9936\/revisions"}],"predecessor-version":[{"id":9943,"href":"https:\/\/eldiariodesanpedro.com.ar\/sitio\/wp-json\/wp\/v2\/posts\/9936\/revisions\/9943"}],"wp:featuredmedia":[{"embeddable":true,"href":"https:\/\/eldiariodesanpedro.com.ar\/sitio\/wp-json\/wp\/v2\/media\/9938"}],"wp:attachment":[{"href":"https:\/\/eldiariodesanpedro.com.ar\/sitio\/wp-json\/wp\/v2\/media?parent=9936"}],"wp:term":[{"taxonomy":"category","embeddable":true,"href":"https:\/\/eldiariodesanpedro.com.ar\/sitio\/wp-json\/wp\/v2\/categories?post=9936"},{"taxonomy":"post_tag","embeddable":true,"href":"https:\/\/eldiariodesanpedro.com.ar\/sitio\/wp-json\/wp\/v2\/tags?post=9936"}],"curies":[{"name":"wp","href":"https:\/\/api.w.org\/{rel}","templated":true}]}}