{"id":99355,"date":"2021-09-22T09:54:32","date_gmt":"2021-09-22T12:54:32","guid":{"rendered":"https:\/\/eldiariodesanpedro.com.ar\/sitio\/?p=99355"},"modified":"2021-09-22T09:54:36","modified_gmt":"2021-09-22T12:54:36","slug":"axel-kicillof-destaco-su-nuevo-gabinete-y-puso-el-foco-en-la-economia","status":"publish","type":"post","link":"https:\/\/eldiariodesanpedro.com.ar\/sitio\/axel-kicillof-destaco-su-nuevo-gabinete-y-puso-el-foco-en-la-economia\/","title":{"rendered":"Axel Kicillof destac\u00f3 su nuevo gabinete y puso el foco en la econom\u00eda"},"content":{"rendered":"<!-- VideographyWP Plugin Message: Automatic video embedding prevented by plugin options. -->\n\n<p>El gobernador Axel Kicillof dijo que la incorporaci\u00f3n de intendentes busca dar respuestas en la reactivaci\u00f3n econ\u00f3mica en los territorios.<a href=\"https:\/\/media.infocielo.com\/p\/4dfb4c42b35e8c3d836c2f8132a06fea\/adjuntos\/299\/imagenes\/001\/298\/0001298049\/887x0\/smart\/gob_4931-02jpeg.jpeg\"><\/a><\/p>\n\n\n\n<p>El gobernador de la provincia de Buenos Aires,\u00a0<strong>Axel Kicillof<\/strong>, remarc\u00f3 los cambios realizados en su\u00a0gabinete, en especial con la incorporaci\u00f3n de dos intendentes de distritos fuertes del Conurbano, algo que calific\u00f3 como \u201cacorde a esta etapa\u201d de la Provincia.<\/p>\n\n\n\n<p><strong>\u201cSon dos intendentes con los que me llevo muy bien no solo ahora sino desde antes. Trabajamos juntos en la oposici\u00f3n al macrismo y tambi\u00e9n cuando yo era ministro de Econom\u00eda\u00bb<\/strong>, dijo Kicillof a la Rock &amp; Pop, en referencia a Mart\u00edn Insaurralde y Leonardo Nardini.<\/p>\n\n\n\n<p>En tanto, se despeg\u00f3 de los comentarios sobre \u201cun gabinete de amigos\u201d y remarc\u00f3 que en la mesa chicas hay dirigentes como la saliente Teresa Garc\u00eda y los ministros Estela D\u00edaz (Mujeres), Sergio Berni (Seguridad) y Julio Alak (Justicia).<\/p>\n\n\n\n<p><strong>\u00abNo eran amigos m\u00edos cuando los eleg\u00ed; lo son ahora, pero digo que el gabinete ten\u00eda figuras de la pol\u00edtica provincial\u00bb<\/strong>, postul\u00f3 el gobernador.<\/p>\n\n\n\n<p>Con la renovaci\u00f3n del gabinete, que incluye la incorporaci\u00f3n de Cristina \u00c1lvarez Rodr\u00edguez, Kicillof destac\u00f3 que a partir de ahora buscar\u00e1 enfocarse en\u00bbdar respuestas econ\u00f3micas contundentes porque la econom\u00eda ya estaba destruida por el gobierno de Mauricio Macri y Mar\u00eda Eugenia Vidal y vino la pandemia\u00bb.<\/p>\n\n\n\n<p>Asimismo, se\u00f1al\u00f3 que \u00abahora, m\u00e1s resuelta la cuesti\u00f3n sanitaria, hay que poder todos los instrumentos para la recuperaci\u00f3n econ\u00f3mica y con eso tiene que ver la incorporaci\u00f3n a Mart\u00edn y Leo\u00bb, con el foco centralizado en cada territorio.<\/p>\n\n\n\n<p>Asimismo, como marc\u00f3 a&nbsp;<strong>INFOCIELO<\/strong>, el gobernador corri\u00f3 de la discusi\u00f3n la injerencia que haya tenido o no Cristina Kirchner en la reforma de su gabinete, y se\u00f1al\u00f3 que \u00abcon Cristina formo parte del mismo espacio pol\u00edtico desde hace mucho tiempo\u201d.<\/p>\n\n\n\n<p>En ese plano, fue contundente al subrayar que la vicepresidenta<strong>\u00a0\u201ces la conducci\u00f3n de ese espacio y nuestro espacio es colectivo, hace an\u00e1lisis y debate\u00bb.<\/strong><\/p>\n\n\n\n<p>Fuente: <a href=\"https:\/\/infocielo.com\/axel-kicillof\/axel-kicillof-destaco-su-nuevo-gabinete-y-puso-el-foco-la-economia-n720974\">infocielo<\/a><\/p>\n","protected":false},"excerpt":{"rendered":"<p>El gobernador Axel Kicillof dijo que la incorporaci\u00f3n de intendentes busca dar respuestas en la reactivaci\u00f3n econ\u00f3mica en los territorios. El gobernador de la provincia de Buenos Aires,\u00a0Axel Kicillof, remarc\u00f3 los cambios realizados en su\u00a0gabinete, en especial con la incorporaci\u00f3n de dos intendentes de distritos fuertes del Conurbano, algo que calific\u00f3 como \u201cacorde a esta [&hellip;]<\/p>\n","protected":false},"author":4,"featured_media":99356,"comment_status":"closed","ping_status":"closed","sticky":false,"template":"","format":"standard","meta":{"om_disable_all_campaigns":false,"_jetpack_memberships_contains_paid_content":false,"footnotes":""},"categories":[621],"tags":[197,696,19],"class_list":["post-99355","post","type-post","status-publish","format-standard","has-post-thumbnail","hentry","category-regionales","tag-buenos-aires","tag-interes-general","tag-san-pedro"],"aioseo_notices":[],"gutentor_comment":0,"jetpack_featured_media_url":"https:\/\/eldiariodesanpedro.com.ar\/sitio\/wp-content\/uploads\/2021\/09\/gob_4931-02jpeg.jpeg","jetpack_shortlink":"https:\/\/wp.me\/p6RhLt-pQv","jetpack_sharing_enabled":true,"_links":{"self":[{"href":"https:\/\/eldiariodesanpedro.com.ar\/sitio\/wp-json\/wp\/v2\/posts\/99355","targetHints":{"allow":["GET"]}}],"collection":[{"href":"https:\/\/eldiariodesanpedro.com.ar\/sitio\/wp-json\/wp\/v2\/posts"}],"about":[{"href":"https:\/\/eldiariodesanpedro.com.ar\/sitio\/wp-json\/wp\/v2\/types\/post"}],"author":[{"embeddable":true,"href":"https:\/\/eldiariodesanpedro.com.ar\/sitio\/wp-json\/wp\/v2\/users\/4"}],"replies":[{"embeddable":true,"href":"https:\/\/eldiariodesanpedro.com.ar\/sitio\/wp-json\/wp\/v2\/comments?post=99355"}],"version-history":[{"count":1,"href":"https:\/\/eldiariodesanpedro.com.ar\/sitio\/wp-json\/wp\/v2\/posts\/99355\/revisions"}],"predecessor-version":[{"id":99357,"href":"https:\/\/eldiariodesanpedro.com.ar\/sitio\/wp-json\/wp\/v2\/posts\/99355\/revisions\/99357"}],"wp:featuredmedia":[{"embeddable":true,"href":"https:\/\/eldiariodesanpedro.com.ar\/sitio\/wp-json\/wp\/v2\/media\/99356"}],"wp:attachment":[{"href":"https:\/\/eldiariodesanpedro.com.ar\/sitio\/wp-json\/wp\/v2\/media?parent=99355"}],"wp:term":[{"taxonomy":"category","embeddable":true,"href":"https:\/\/eldiariodesanpedro.com.ar\/sitio\/wp-json\/wp\/v2\/categories?post=99355"},{"taxonomy":"post_tag","embeddable":true,"href":"https:\/\/eldiariodesanpedro.com.ar\/sitio\/wp-json\/wp\/v2\/tags?post=99355"}],"curies":[{"name":"wp","href":"https:\/\/api.w.org\/{rel}","templated":true}]}}