{"id":99338,"date":"2021-09-21T20:20:45","date_gmt":"2021-09-21T23:20:45","guid":{"rendered":"https:\/\/eldiariodesanpedro.com.ar\/sitio\/?p=99338"},"modified":"2021-09-21T20:20:49","modified_gmt":"2021-09-21T23:20:49","slug":"segunda-dosis-libre-para-mayores-de-50","status":"publish","type":"post","link":"https:\/\/eldiariodesanpedro.com.ar\/sitio\/segunda-dosis-libre-para-mayores-de-50\/","title":{"rendered":"Segunda dosis libre para mayores de 50"},"content":{"rendered":"<!-- VideographyWP Plugin Message: Automatic video embedding prevented by plugin options. -->\n\n<p>La coordinaci\u00f3n del Plan Vacunate San Pedro informa que a partir del mi\u00e9rcoles se podr\u00e1n vacunar con la segunda dosis todos los mayores de 50 a\u00f1os que no hayan recibido la segunda dosis y cumplan el plazo obligatorio entre dosis, siendo de 21 d\u00edas para Sinopharm y de 60 d\u00edas AstraZeneca y Sputnik.<\/p>\n\n\n\n<p>Si al momento de llegar al vacunatorio de Salta y 9 de julio la dosis que se est\u00e1 asignando no fuese correspondida a la recibida en primera instancia, instant\u00e1neamente se le asignar\u00e1 un turno para el d\u00eda en el cual se aplicar\u00e1 la dosis que tiene estipulada para recibir.<\/p>\n","protected":false},"excerpt":{"rendered":"<p>La coordinaci\u00f3n del Plan Vacunate San Pedro informa que a partir del mi\u00e9rcoles se podr\u00e1n vacunar con la segunda dosis todos los mayores de 50 a\u00f1os que no hayan recibido la segunda dosis y cumplan el plazo obligatorio entre dosis, siendo de 21 d\u00edas para Sinopharm y de 60 d\u00edas AstraZeneca y Sputnik. Si al [&hellip;]<\/p>\n","protected":false},"author":4,"featured_media":99339,"comment_status":"closed","ping_status":"closed","sticky":false,"template":"","format":"standard","meta":{"om_disable_all_campaigns":false,"_jetpack_memberships_contains_paid_content":false,"footnotes":""},"categories":[50,101,2],"tags":[197,696,33,19],"class_list":["post-99338","post","type-post","status-publish","format-standard","has-post-thumbnail","hentry","category-destacadas","category-interes-general-locales","category-locales","tag-buenos-aires","tag-interes-general","tag-locales","tag-san-pedro"],"aioseo_notices":[],"gutentor_comment":0,"jetpack_featured_media_url":"https:\/\/eldiariodesanpedro.com.ar\/sitio\/wp-content\/uploads\/2021\/09\/vacunatepba1.jpg","jetpack_shortlink":"https:\/\/wp.me\/p6RhLt-pQe","jetpack_sharing_enabled":true,"_links":{"self":[{"href":"https:\/\/eldiariodesanpedro.com.ar\/sitio\/wp-json\/wp\/v2\/posts\/99338","targetHints":{"allow":["GET"]}}],"collection":[{"href":"https:\/\/eldiariodesanpedro.com.ar\/sitio\/wp-json\/wp\/v2\/posts"}],"about":[{"href":"https:\/\/eldiariodesanpedro.com.ar\/sitio\/wp-json\/wp\/v2\/types\/post"}],"author":[{"embeddable":true,"href":"https:\/\/eldiariodesanpedro.com.ar\/sitio\/wp-json\/wp\/v2\/users\/4"}],"replies":[{"embeddable":true,"href":"https:\/\/eldiariodesanpedro.com.ar\/sitio\/wp-json\/wp\/v2\/comments?post=99338"}],"version-history":[{"count":1,"href":"https:\/\/eldiariodesanpedro.com.ar\/sitio\/wp-json\/wp\/v2\/posts\/99338\/revisions"}],"predecessor-version":[{"id":99340,"href":"https:\/\/eldiariodesanpedro.com.ar\/sitio\/wp-json\/wp\/v2\/posts\/99338\/revisions\/99340"}],"wp:featuredmedia":[{"embeddable":true,"href":"https:\/\/eldiariodesanpedro.com.ar\/sitio\/wp-json\/wp\/v2\/media\/99339"}],"wp:attachment":[{"href":"https:\/\/eldiariodesanpedro.com.ar\/sitio\/wp-json\/wp\/v2\/media?parent=99338"}],"wp:term":[{"taxonomy":"category","embeddable":true,"href":"https:\/\/eldiariodesanpedro.com.ar\/sitio\/wp-json\/wp\/v2\/categories?post=99338"},{"taxonomy":"post_tag","embeddable":true,"href":"https:\/\/eldiariodesanpedro.com.ar\/sitio\/wp-json\/wp\/v2\/tags?post=99338"}],"curies":[{"name":"wp","href":"https:\/\/api.w.org\/{rel}","templated":true}]}}