{"id":99335,"date":"2021-09-21T20:13:12","date_gmt":"2021-09-21T23:13:12","guid":{"rendered":"https:\/\/eldiariodesanpedro.com.ar\/sitio\/?p=99335"},"modified":"2021-09-21T20:13:16","modified_gmt":"2021-09-21T23:13:16","slug":"el-dia-del-empleado-de-comercio-se-celebrara-el-lunes-27-de-septiembre-2","status":"publish","type":"post","link":"https:\/\/eldiariodesanpedro.com.ar\/sitio\/el-dia-del-empleado-de-comercio-se-celebrara-el-lunes-27-de-septiembre-2\/","title":{"rendered":"El \u201cD\u00eda del Empleado de Comercio\u201d se celebrar\u00e1 el lunes 27 de septiembre"},"content":{"rendered":"<!-- VideographyWP Plugin Message: Automatic video embedding prevented by plugin options. -->\n\n<p>El Sindicato de Empleados de Comercio recuerda que desde la Federaci\u00f3n Argentina de Empleados de Comercio y Servicios (FAECYS) se acord\u00f3 con las c\u00e1maras empresariales el traslado de la fecha de celebraci\u00f3n del D\u00eda del Empleado Mercantil, para el pr\u00f3ximo lunes 27 de septiembre, en lugar del d\u00eda 26 al que corresponde su fecha original seg\u00fan la ley N\u00ba 26.541.<\/p>\n\n\n\n<p>En base a los derechos que otorga la indicada, la decisi\u00f3n fue tomada en conjunto con el sector empresarial bajo el objetivo de que los trabajadores puedan festejar su d\u00eda y para cuidar las ventas dado a que estas suelen ser mayores durante el fin de semana.<\/p>\n\n\n\n<p>De esta manera, el 27 de este mes no habr\u00e1 actividad en el \u00e1rea mercantil. Cabe destacar que el D\u00eda del Empleado de Comercio implica el pago como si fuera feriado, m\u00e1s all\u00e1 de no cumplirse laboral.<\/p>\n\n\n\n<p>Adem\u00e1s el Sindicato recuerda que el pr\u00f3ximo viernes se realizar\u00e1 un sorteo especial de cuatro \u00abmedios sueldos\u00bb de empleado mercantil entre todos los afiliados. El mismo se realizar\u00e1 en el noticiero de televisi\u00f3n Somos Noticias de la se\u00f1al de canal 7 en Cablevisi\u00f3n y los resultados ser\u00e1n informados durante la misma jornada a trav\u00e9s de las redes sociales del sindicato.<\/p>\n","protected":false},"excerpt":{"rendered":"<p>El Sindicato de Empleados de Comercio recuerda que desde la Federaci\u00f3n Argentina de Empleados de Comercio y Servicios (FAECYS) se acord\u00f3 con las c\u00e1maras empresariales el traslado de la fecha de celebraci\u00f3n del D\u00eda del Empleado Mercantil, para el pr\u00f3ximo lunes 27 de septiembre, en lugar del d\u00eda 26 al que corresponde su fecha original [&hellip;]<\/p>\n","protected":false},"author":4,"featured_media":99336,"comment_status":"closed","ping_status":"closed","sticky":false,"template":"","format":"standard","meta":{"om_disable_all_campaigns":false,"_jetpack_memberships_contains_paid_content":false,"footnotes":""},"categories":[101,2],"tags":[197,696,33,19],"class_list":["post-99335","post","type-post","status-publish","format-standard","has-post-thumbnail","hentry","category-interes-general-locales","category-locales","tag-buenos-aires","tag-interes-general","tag-locales","tag-san-pedro"],"aioseo_notices":[],"gutentor_comment":0,"jetpack_featured_media_url":"https:\/\/eldiariodesanpedro.com.ar\/sitio\/wp-content\/uploads\/2021\/09\/dia_del_empleado_de_comercio.jpg","jetpack_shortlink":"https:\/\/wp.me\/p6RhLt-pQb","jetpack_sharing_enabled":true,"_links":{"self":[{"href":"https:\/\/eldiariodesanpedro.com.ar\/sitio\/wp-json\/wp\/v2\/posts\/99335","targetHints":{"allow":["GET"]}}],"collection":[{"href":"https:\/\/eldiariodesanpedro.com.ar\/sitio\/wp-json\/wp\/v2\/posts"}],"about":[{"href":"https:\/\/eldiariodesanpedro.com.ar\/sitio\/wp-json\/wp\/v2\/types\/post"}],"author":[{"embeddable":true,"href":"https:\/\/eldiariodesanpedro.com.ar\/sitio\/wp-json\/wp\/v2\/users\/4"}],"replies":[{"embeddable":true,"href":"https:\/\/eldiariodesanpedro.com.ar\/sitio\/wp-json\/wp\/v2\/comments?post=99335"}],"version-history":[{"count":1,"href":"https:\/\/eldiariodesanpedro.com.ar\/sitio\/wp-json\/wp\/v2\/posts\/99335\/revisions"}],"predecessor-version":[{"id":99337,"href":"https:\/\/eldiariodesanpedro.com.ar\/sitio\/wp-json\/wp\/v2\/posts\/99335\/revisions\/99337"}],"wp:featuredmedia":[{"embeddable":true,"href":"https:\/\/eldiariodesanpedro.com.ar\/sitio\/wp-json\/wp\/v2\/media\/99336"}],"wp:attachment":[{"href":"https:\/\/eldiariodesanpedro.com.ar\/sitio\/wp-json\/wp\/v2\/media?parent=99335"}],"wp:term":[{"taxonomy":"category","embeddable":true,"href":"https:\/\/eldiariodesanpedro.com.ar\/sitio\/wp-json\/wp\/v2\/categories?post=99335"},{"taxonomy":"post_tag","embeddable":true,"href":"https:\/\/eldiariodesanpedro.com.ar\/sitio\/wp-json\/wp\/v2\/tags?post=99335"}],"curies":[{"name":"wp","href":"https:\/\/api.w.org\/{rel}","templated":true}]}}