{"id":99332,"date":"2021-09-21T20:05:17","date_gmt":"2021-09-21T23:05:17","guid":{"rendered":"https:\/\/eldiariodesanpedro.com.ar\/sitio\/?p=99332"},"modified":"2021-09-21T20:05:21","modified_gmt":"2021-09-21T23:05:21","slug":"testeos-preventivos-de-covid-19-a-docentes-y-auxiliares","status":"publish","type":"post","link":"https:\/\/eldiariodesanpedro.com.ar\/sitio\/testeos-preventivos-de-covid-19-a-docentes-y-auxiliares\/","title":{"rendered":"Testeos preventivos de Covid-19 a docentes y auxiliares"},"content":{"rendered":"<!-- VideographyWP Plugin Message: Automatic video embedding prevented by plugin options. -->\n\n<p>Un equipo del Laboratorio del Hospital realiz\u00f3 en la jornada de hoy un operativo de testeos preventivos de Covid-19, planificados para monitorear la situaci\u00f3n en los establecimientos educativos. En los ex\u00e1menes realizados en las escuelas 47 y 11 y en el Jard\u00edn 903 se testearon 21 personas, todas con resultado negativo. El plan continuar\u00e1 progresivamente durante los pr\u00f3ximos d\u00edas en Bajo Campod\u00f3nico, La Tosquera y en el resto de los establecimientos de manera sistem\u00e1tica para poder intervenir de acuerdo a los protocolos ante la detecci\u00f3n de casos positivos.<\/p>\n","protected":false},"excerpt":{"rendered":"<p>Un equipo del Laboratorio del Hospital realiz\u00f3 en la jornada de hoy un operativo de testeos preventivos de Covid-19, planificados para monitorear la situaci\u00f3n en los establecimientos educativos. En los ex\u00e1menes realizados en las escuelas 47 y 11 y en el Jard\u00edn 903 se testearon 21 personas, todas con resultado negativo. El plan continuar\u00e1 progresivamente [&hellip;]<\/p>\n","protected":false},"author":4,"featured_media":99333,"comment_status":"closed","ping_status":"closed","sticky":false,"template":"","format":"standard","meta":{"om_disable_all_campaigns":false,"_jetpack_memberships_contains_paid_content":false,"footnotes":""},"categories":[101,2],"tags":[197,696,33,19],"class_list":["post-99332","post","type-post","status-publish","format-standard","has-post-thumbnail","hentry","category-interes-general-locales","category-locales","tag-buenos-aires","tag-interes-general","tag-locales","tag-san-pedro"],"aioseo_notices":[],"gutentor_comment":0,"jetpack_featured_media_url":"https:\/\/eldiariodesanpedro.com.ar\/sitio\/wp-content\/uploads\/2021\/09\/testeos-3.jpg","jetpack_shortlink":"https:\/\/wp.me\/p6RhLt-pQ8","jetpack_sharing_enabled":true,"_links":{"self":[{"href":"https:\/\/eldiariodesanpedro.com.ar\/sitio\/wp-json\/wp\/v2\/posts\/99332","targetHints":{"allow":["GET"]}}],"collection":[{"href":"https:\/\/eldiariodesanpedro.com.ar\/sitio\/wp-json\/wp\/v2\/posts"}],"about":[{"href":"https:\/\/eldiariodesanpedro.com.ar\/sitio\/wp-json\/wp\/v2\/types\/post"}],"author":[{"embeddable":true,"href":"https:\/\/eldiariodesanpedro.com.ar\/sitio\/wp-json\/wp\/v2\/users\/4"}],"replies":[{"embeddable":true,"href":"https:\/\/eldiariodesanpedro.com.ar\/sitio\/wp-json\/wp\/v2\/comments?post=99332"}],"version-history":[{"count":1,"href":"https:\/\/eldiariodesanpedro.com.ar\/sitio\/wp-json\/wp\/v2\/posts\/99332\/revisions"}],"predecessor-version":[{"id":99334,"href":"https:\/\/eldiariodesanpedro.com.ar\/sitio\/wp-json\/wp\/v2\/posts\/99332\/revisions\/99334"}],"wp:featuredmedia":[{"embeddable":true,"href":"https:\/\/eldiariodesanpedro.com.ar\/sitio\/wp-json\/wp\/v2\/media\/99333"}],"wp:attachment":[{"href":"https:\/\/eldiariodesanpedro.com.ar\/sitio\/wp-json\/wp\/v2\/media?parent=99332"}],"wp:term":[{"taxonomy":"category","embeddable":true,"href":"https:\/\/eldiariodesanpedro.com.ar\/sitio\/wp-json\/wp\/v2\/categories?post=99332"},{"taxonomy":"post_tag","embeddable":true,"href":"https:\/\/eldiariodesanpedro.com.ar\/sitio\/wp-json\/wp\/v2\/tags?post=99332"}],"curies":[{"name":"wp","href":"https:\/\/api.w.org\/{rel}","templated":true}]}}